{"id":4115,"date":"2020-10-14T12:42:39","date_gmt":"2020-10-14T16:42:39","guid":{"rendered":"https:\/\/renewablesassociation.ca\/?p=4115"},"modified":"2020-10-14T12:42:41","modified_gmt":"2020-10-14T16:42:41","slug":"un-momentum-favorable-aux-investissements-au-quebec","status":"publish","type":"post","link":"https:\/\/renewablesassociation.ca\/fr\/un-momentum-favorable-aux-investissements-au-quebec\/","title":{"rendered":"Un momentum favorable aux investissements au Qu\u00e9bec"},"content":{"rendered":"\n<p>Si le Qu\u00e9bec a fait preuve de leadership dans le d\u00e9ploiement et le d\u00e9veloppement d\u2019une industrie des \u00e9nergies renouvelables depuis le d\u00e9but des ann\u00e9es 2000, le rythme a quelque peu diminu\u00e9 depuis le dernier appel d\u2019offres en \u00e9nergie \u00e9olienne, conclu en 2014. Avec la mise en service des diff\u00e9rentes phases du complexe hydro\u00e9lectrique de <a href=\"https:\/\/www.hydroquebec.com\/romaine\/\" target=\"_blank\" aria-label=\" (opens in a new tab)\" rel=\"noreferrer noopener\" class=\"rank-math-link\">La Romaine<\/a> et de quelque 4000 MW d\u2019\u00e9nergie \u00e9olienne, au moment o\u00f9 la demande en \u00e9lectricit\u00e9 stagnait et que des gains de 10 TWh \u00e9taient r\u00e9alis\u00e9s en efficacit\u00e9 \u00e9nerg\u00e9tique, de nouveaux projets en \u00e9nergie renouvelable, aussi novateurs et porteurs pour l\u2019\u00e9conomie soient-ils, \u00e9taient soudainement plus difficiles \u00e0 justifier.<\/p>\n\n\n\n<p>Mais cette situation \u00e9volue. Rapidement, par surcro\u00eet. Les efforts pour promouvoir l\u2019\u00e9lectricit\u00e9 verte du Qu\u00e9bec comme un avantage \u00e9conomique portent fruit. Ceux-ci devraient \u00eatre acc\u00e9l\u00e9r\u00e9s par la parution prochaine du Plan pour l\u2019\u00e9conomie verte du Qu\u00e9bec. L\u2019\u00e9lectricit\u00e9 du Qu\u00e9bec devient un atout pour <a href=\"https:\/\/www.investquebec.com\/international\/fr\/secteurs-activite-economique\/technologies-information-communications\/centres-de-donnees.html\" target=\"_blank\" aria-label=\" (opens in a new tab)\" rel=\"noreferrer noopener\" class=\"rank-math-link\">attirer des industries<\/a>. Pour <a href=\"https:\/\/www.transports.gouv.qc.ca\/fr\/ministere\/role_ministere\/electrification\/Pages\/electrification.aspx\" target=\"_blank\" aria-label=\" (opens in a new tab)\" rel=\"noreferrer noopener\" class=\"rank-math-link\">\u00e9lectrifier des secteurs \u00e9conomiques<\/a>. Et cela se r\u00e9percute dans la planification du r\u00e9seau \u00e9lectrique qu\u00e9b\u00e9cois.<\/p>\n\n\n\n<p>\u00c0 l\u2019automne 2019, Hydro-Qu\u00e9bec Distribution publiait une nouvelle mouture de son <a href=\"https:\/\/www.hydroquebec.com\/achats-electricite-quebec\/plan-approvisionnement.html\" target=\"_blank\" aria-label=\" (opens in a new tab)\" rel=\"noreferrer noopener\" class=\"rank-math-link\">Plan d\u2019approvisionnement<\/a>, contenant des pr\u00e9visions jusqu\u2019\u00e0 2029. Pour la premi\u00e8re fois depuis plusieurs ann\u00e9es, nous pouvions y remarquer que la soci\u00e9t\u00e9 d\u2019\u00c9tat pr\u00e9voit un d\u00e9ficit en \u00e9nergie \u00e0 partir de 2026, appel\u00e9 \u00e0 s\u2019accro\u00eetre jusqu\u2019\u00e0 2029.<\/p>\n\n\n\n<p>Bien s\u00fbr, depuis l\u2019automne dernier, le paysage a \u00e9t\u00e9 boulevers\u00e9 par l\u2019apparition de la pand\u00e9mie \u00e0 laquelle nous devons tous faire face et qui a des impacts sur la demande en \u00e9lectricit\u00e9 au Qu\u00e9bec. Hydro-Qu\u00e9bec pr\u00e9voit toutefois que ces impacts ne se r\u00e9percuteront pas \u00e0 moyen et \u00e0 long termes. En d\u2019autres mots, Hydro-Qu\u00e9bec pr\u00e9voit que l\u2019\u00e9lectricit\u00e9 verte du Qu\u00e9bec sera une denr\u00e9e toute aussi recherch\u00e9e et populaire une fois que l\u2019\u00e9conomie aura repris son erre d\u2019aller.<\/p>\n\n\n\n<p>C\u2019est sans doute ce qui a pouss\u00e9 Hydro-Qu\u00e9bec \u00e0 mener au cours des derniers mois <a href=\"https:\/\/www.hydroquebec.com\/achats-electricite-quebec\/\" target=\"_blank\" aria-label=\" (opens in a new tab)\" rel=\"noreferrer noopener\" class=\"rank-math-link\">une consultation du secteur de la production de l\u2019\u00e9lectricit\u00e9<\/a> \u00e0 laquelle l\u2019Association canadienne de l\u2019\u00e9nergie renouvelable et plusieurs de ses membres ont \u00e9t\u00e9 des participants actifs. De nombreux intervenants y ont soulev\u00e9 \u00e0 quel point l\u2019\u00e9nergie \u00e9olienne est la solution la plus abordable qui s\u2019offre en termes de nouveaux approvisionnements alors que l\u2019\u00e9nergie solaire et le stockage d\u2019\u00e9nergie voient aussi leurs co\u00fbts diminuer de fa\u00e7on importante et peuvent constituer des solutions plus qu\u2019int\u00e9ressantes pour le r\u00e9seau qu\u00e9b\u00e9cois.<\/p>\n\n\n\n<p>La nouvelle pr\u00e9sidente-directrice g\u00e9n\u00e9rale d\u2019Hydro-Qu\u00e9bec, Mme Sophie Brochu, a d\u2019ailleurs tr\u00e8s bien r\u00e9sum\u00e9 la situation au cours de l\u2019\u00e9t\u00e9 lors <a href=\"https:\/\/www.assnat.qc.ca\/fr\/travaux-parlementaires\/commissions\/capern-42-1\/journal-debats\/CAPERN-200818.html\" target=\"_blank\" aria-label=\" (opens in a new tab)\" rel=\"noreferrer noopener\" class=\"rank-math-link\">d\u2019une intervention \u00e0 l\u2019Assembl\u00e9e nationale<\/a>. Les barrages du Qu\u00e9bec ne d\u00e9bordent pas, ils permettent d\u2019accumuler un potentiel latent, qui trouve des acheteurs. Hydro-Qu\u00e9bec vend d\u00e9j\u00e0 d\u2019importantes quantit\u00e9s d\u2019\u00e9lectricit\u00e9 \u00e0 ses voisins et pourra jouer un r\u00f4le encore plus important dans la d\u00e9carbonation des r\u00e9seaux d\u2019\u00e9lectricit\u00e9 de l\u2019\u00c9tat de New York, de ceux de la Nouvelle-Angleterre, des provinces atlantiques et m\u00eame de l\u2019Ontario.<\/p>\n\n\n\n<p>La production hydro\u00e9lectrique qu\u00e9b\u00e9coise devient ainsi une immense batterie qui facilite le remplacement de la production fossile dans les r\u00e9seaux voisins et l\u2019\u00e9lectrification de l\u2019\u00e9conomie et le d\u00e9ploiement de nouveaux projets d\u2019\u00e9nergie renouvelable au Qu\u00e9bec.<\/p>\n\n\n\n<p>Le d\u00e9fi sera d\u00e8s lors de trouver la fa\u00e7on la plus efficiente de r\u00e9pondre aux nouveaux besoins du Qu\u00e9bec et \u00e0 ses objectifs dans le Nord-Est du continent. La production ind\u00e9pendante d\u2019\u00e9nergie renouvelable est ainsi tr\u00e8s bien positionn\u00e9e. Elle peut prolonger la dur\u00e9e de vie de ses actifs en op\u00e9ration tout en pr\u00e9sentant des solutions innovantes \u00e0 co\u00fbt comp\u00e9titif, au b\u00e9n\u00e9fice des clients qu\u00e9b\u00e9cois, des communaut\u00e9s d\u2019accueil des projets et des grands acheteurs d\u2019\u00e9lectricit\u00e9 de l\u2019ext\u00e9rieur de la province.<\/p>\n\n\n\n<p>Ce d\u00e9veloppement sera in\u00e9dit dans le sens o\u00f9 il ne devrait pas garantir de quantit\u00e9s d\u2019\u00e9nergie \u00e0 une technologie plus qu\u2019\u00e0 une autre. Il favorisera les partenariats&nbsp;: entre technologies (\u00e9olien, solaire, stockage, hydro\u00e9lectricit\u00e9 et l\u2019hydrog\u00e8ne), entre producteurs, avec les divisions Distribution et Production d\u2019Hydro-Qu\u00e9bec. Ce sera un monde qui ne ressemblera sans doute pas \u00e0 ce que l\u2019industrie a connu dans le pass\u00e9. Il imposera une capacit\u00e9 d\u2019adaptation et d\u2019innovation sans pr\u00e9c\u00e9dent. Mais une chose est certaine&nbsp;: les opportunit\u00e9s seront au rendez-vous tr\u00e8s prochainement, \u00e0 condition de commencer \u00e0 se pr\u00e9parer d\u00e8s maintenant.<\/p>\n\n\n\n<p><em>Informez-vous sur <\/em><a rel=\"noreferrer noopener\" class=\"rank-math-link\" href=\"https:\/\/renewablesassociation.ca\/fr\/\" target=\"_blank\"><em>l\u2019Association canadienne de l\u2019\u00e9nergie renouvelable<\/em><\/a><em>, et \u00e9crivez \u00e0\u00a0<\/em><a rel=\"noreferrer noopener\" href=\"mailto:membres@associationrenouvelable.ca\" target=\"_blank\"><em>membres@associationrenouvelable.ca<\/em><\/a><em>\u00a0si vous aimeriez vous joindre au caucus du Qu\u00e9bec.<\/em>\u00a0\u00a0\u00a0<\/p>\n","protected":false},"excerpt":{"rendered":"<p>Si le Qu&eacute;bec a fait preuve de leadership dans le d&eacute;ploiement et le d&eacute;veloppement d&rsquo;une industrie des &eacute;nergies renouvelables depuis le d&eacute;but des ann&eacute;es 2000, le rythme a quelque peu diminu&eacute; depuis le dernier appel d&rsquo;offres en &eacute;nergie &eacute;olienne, conclu en 2014. Avec la mise en service des diff&eacute;rentes phases du complexe hydro&eacute;lectrique de <a [&hellip;]\n<\/p>\n","protected":false},"author":133,"featured_media":4116,"comment_status":"closed","ping_status":"closed","sticky":false,"template":"","format":"standard","meta":{"_acf_changed":false,"_eb_attr":"","_uag_custom_page_level_css":"","footnotes":""},"categories":[32],"tags":[],"class_list":["post-4115","post","type-post","status-publish","format-standard","has-post-thumbnail","hentry","category-blogue"],"acf":[],"uagb_featured_image_src":{"full":["https:\/\/renewablesassociation.ca\/wp-content\/uploads\/2020\/10\/JOAN_SULLIVAN_PHOTO_WINTER_WIND_QUEBEC-1-1-scaled.jpg",2560,1707,false],"thumbnail":["https:\/\/renewablesassociation.ca\/wp-content\/uploads\/2020\/10\/JOAN_SULLIVAN_PHOTO_WINTER_WIND_QUEBEC-1-1-150x150.jpg",150,150,true],"medium":["https:\/\/renewablesassociation.ca\/wp-content\/uploads\/2020\/10\/JOAN_SULLIVAN_PHOTO_WINTER_WIND_QUEBEC-1-1-300x200.jpg",300,200,true],"medium_large":["https:\/\/renewablesassociation.ca\/wp-content\/uploads\/2020\/10\/JOAN_SULLIVAN_PHOTO_WINTER_WIND_QUEBEC-1-1-768x512.jpg",768,512,true],"large":["https:\/\/renewablesassociation.ca\/wp-content\/uploads\/2020\/10\/JOAN_SULLIVAN_PHOTO_WINTER_WIND_QUEBEC-1-1-1024x683.jpg",1024,683,true],"1536x1536":["https:\/\/renewablesassociation.ca\/wp-content\/uploads\/2020\/10\/JOAN_SULLIVAN_PHOTO_WINTER_WIND_QUEBEC-1-1-1536x1024.jpg",1536,1024,true],"2048x2048":["https:\/\/renewablesassociation.ca\/wp-content\/uploads\/2020\/10\/JOAN_SULLIVAN_PHOTO_WINTER_WIND_QUEBEC-1-1-2048x1365.jpg",2048,1365,true],"alm-thumbnail":["https:\/\/renewablesassociation.ca\/wp-content\/uploads\/2020\/10\/JOAN_SULLIVAN_PHOTO_WINTER_WIND_QUEBEC-1-1-scaled.jpg",150,100,false],"alm-cta":["https:\/\/renewablesassociation.ca\/wp-content\/uploads\/2020\/10\/JOAN_SULLIVAN_PHOTO_WINTER_WIND_QUEBEC-1-1-scaled.jpg",675,450,false],"alm-gallery":["https:\/\/renewablesassociation.ca\/wp-content\/uploads\/2020\/10\/JOAN_SULLIVAN_PHOTO_WINTER_WIND_QUEBEC-1-1-scaled.jpg",800,533,false],"news-img-2x":["https:\/\/renewablesassociation.ca\/wp-content\/uploads\/2020\/10\/JOAN_SULLIVAN_PHOTO_WINTER_WIND_QUEBEC-1-1-1380x1030.jpg",1380,1030,true],"news-img":["https:\/\/renewablesassociation.ca\/wp-content\/uploads\/2020\/10\/JOAN_SULLIVAN_PHOTO_WINTER_WIND_QUEBEC-1-1-690x515.jpg",690,515,true],"gform-image-choice-sm":["https:\/\/renewablesassociation.ca\/wp-content\/uploads\/2020\/10\/JOAN_SULLIVAN_PHOTO_WINTER_WIND_QUEBEC-1-1-scaled.jpg",300,200,false],"gform-image-choice-md":["https:\/\/renewablesassociation.ca\/wp-content\/uploads\/2020\/10\/JOAN_SULLIVAN_PHOTO_WINTER_WIND_QUEBEC-1-1-scaled.jpg",400,267,false],"gform-image-choice-lg":["https:\/\/renewablesassociation.ca\/wp-content\/uploads\/2020\/10\/JOAN_SULLIVAN_PHOTO_WINTER_WIND_QUEBEC-1-1-scaled.jpg",600,400,false]},"uagb_author_info":{"display_name":"Jean-Fran\u00e7ois Nolet","author_link":"https:\/\/renewablesassociation.ca\/fr\/author\/jf4canrea\/"},"uagb_comment_info":0,"uagb_excerpt":"Si le Qu&eacute;bec a fait preuve de leadership dans le d&eacute;ploiement et le d&eacute;veloppement d&rsquo;une industrie des &eacute;nergies renouvelables depuis le d&eacute;but des ann&eacute;es 2000, le rythme a quelque peu diminu&eacute; depuis le dernier appel d&rsquo;offres en &eacute;nergie &eacute;olienne, conclu en 2014. Avec la mise en service des diff&eacute;rentes phases du complexe hydro&eacute;lectrique de","_links":{"self":[{"href":"https:\/\/renewablesassociation.ca\/fr\/wp-json\/wp\/v2\/posts\/4115","targetHints":{"allow":["GET"]}}],"collection":[{"href":"https:\/\/renewablesassociation.ca\/fr\/wp-json\/wp\/v2\/posts"}],"about":[{"href":"https:\/\/renewablesassociation.ca\/fr\/wp-json\/wp\/v2\/types\/post"}],"author":[{"embeddable":true,"href":"https:\/\/renewablesassociation.ca\/fr\/wp-json\/wp\/v2\/users\/133"}],"replies":[{"embeddable":true,"href":"https:\/\/renewablesassociation.ca\/fr\/wp-json\/wp\/v2\/comments?post=4115"}],"version-history":[{"count":1,"href":"https:\/\/renewablesassociation.ca\/fr\/wp-json\/wp\/v2\/posts\/4115\/revisions"}],"predecessor-version":[{"id":4117,"href":"https:\/\/renewablesassociation.ca\/fr\/wp-json\/wp\/v2\/posts\/4115\/revisions\/4117"}],"wp:featuredmedia":[{"embeddable":true,"href":"https:\/\/renewablesassociation.ca\/fr\/wp-json\/wp\/v2\/media\/4116"}],"wp:attachment":[{"href":"https:\/\/renewablesassociation.ca\/fr\/wp-json\/wp\/v2\/media?parent=4115"}],"wp:term":[{"taxonomy":"category","embeddable":true,"href":"https:\/\/renewablesassociation.ca\/fr\/wp-json\/wp\/v2\/categories?post=4115"},{"taxonomy":"post_tag","embeddable":true,"href":"https:\/\/renewablesassociation.ca\/fr\/wp-json\/wp\/v2\/tags?post=4115"}],"curies":[{"name":"wp","href":"https:\/\/api.w.org\/{rel}","templated":true}]}}