{"id":19963,"date":"2024-05-29T12:34:58","date_gmt":"2024-05-29T16:34:58","guid":{"rendered":"https:\/\/renewablesassociation.ca\/?p=19963"},"modified":"2024-06-03T12:51:02","modified_gmt":"2024-06-03T16:51:02","slug":"derek-wright","status":"publish","type":"post","link":"https:\/\/renewablesassociation.ca\/fr\/derek-wright\/","title":{"rendered":"Derek\u202fWright"},"content":{"rendered":"\n<p><strong>Gestionnaire de sant\u00e9 et de s\u00e9curit\u00e9 sur le terrain, Capstone Infrastructure, Division du vent&nbsp;<\/strong><\/p>\n\n\n\n<h2 class=\"wp-block-heading\">Profil de carri\u00e8re en \u00e9nergie propre<\/h2>\n\n\n\n<blockquote class=\"wp-block-quote is-layout-flow wp-block-quote-is-layout-flow\">\n<p>Vous \u00eates-vous d\u00e9j\u00e0 demand\u00e9 \u00e0 quoi ressemble le quotidien d\u2019une technicienne en \u00e9oliennes, juch\u00e9e \u00e0 150\u202fm\u00e8tres dans les airs? Ou celui d\u2019un \u00e9lectricien dans une centrale solaire, qui harnache la puissance du Soleil pour recharger une batterie g\u00e9ante? Avec ses profils de carri\u00e8re en \u00e9nergie propre, CanREA interroge les travailleurs canadiens du renouvelable et du stockage d\u2019\u00e9nergie sur leur travail, sur ce qui les a amen\u00e9s dans le domaine, et sur leurs conseils pour la rel\u00e8ve.<\/p>\n<\/blockquote>\n\n\n\n<p><strong>En 2024, CanREA s\u2019est entretenue avec Derek\u202fWright, gestionnaire de la sant\u00e9 et la s\u00e9curit\u00e9 sur le terrain \u00e0 la division des \u00e9oliennes de Capstone Infrastructure, pour en savoir plus sur son parcours professionnel.\u00a0<\/strong><\/p>\n\n\n\n<figure class=\"wp-block-table\"><table><tbody><tr><td><strong>Nom&nbsp;:<\/strong><\/td><td><strong>Derek\u202fWright<\/strong><\/td><\/tr><tr><td><strong>Emploi&nbsp;:<\/strong><\/td><td><strong>Gestionnaire de la sant\u00e9 et la s\u00e9curit\u00e9 sur le terrain<\/strong><\/td><\/tr><tr><td><strong>Entreprise&nbsp;:<\/strong><\/td><td><strong>Capstone Infrastructure, Division des \u00e9oliennes<\/strong><\/td><\/tr><\/tbody><\/table><\/figure>\n\n\n\n<div style=\"height:32px\" aria-hidden=\"true\" class=\"wp-block-spacer\"><\/div>\n\n\n\n<h3 class=\"wp-block-heading\">Parcours<\/h3>\n\n\n\n<p>Dipl\u00f4m\u00e9 en sciences de la sant\u00e9, Derek Wright a entam\u00e9 sa carri\u00e8re en tant qu\u2019adjoint administratif et a d\u00e9couvert l\u2019\u00e9nergie renouvelable il y a 10\u202fans. Il a vite compris l\u2019importance de ce nouveau domaine. En effet, le renouvelable avait d\u00e9j\u00e0 la cote en Ontario, o\u00f9 plusieurs projets \u00e9taient en branle. Il s\u2019agissait l\u00e0 d\u2019une occasion parfaite de faire avancer sa carri\u00e8re, comme il le souhaitait. Il a donc parcouru le calendrier des cours du Coll\u00e8ge Fanshawe pour inscrire au programme de technique en \u00e9nergies renouvelables; une premi\u00e8re \u00e9tape de son virage professionnel. Derek\u202fWright a \u00e9t\u00e9 technicien en \u00e9oliennes au parc Erie Shores pendant six ans, pour ensuite \u00eatre promu gestionnaire de la sant\u00e9 et la s\u00e9curit\u00e9 sur le terrain pour la division des \u00e9oliennes de Capstone Infrastructure.&nbsp;<\/p>\n\n\n\n<h3 class=\"wp-block-heading\">Quotidien<\/h3>\n\n\n\n<p>Une journ\u00e9e type dans la vie de Derek\u202fWright commence \u00e0 l\u2019un des parcs \u00e9oliens Capstone, o\u00f9 il rencontre l\u2019\u00e9quipe de techniciens et discute du programme de la matin\u00e9e. Ensuite, Derek\u202fWright et son \u00e9quipe se rendent aux \u00e9oliennes ayant besoin de r\u00e9parations ou d\u2019entretien. Il passe son avant-midi \u00e0 observer les techniciens, \u00e0 les assister et \u00e0 noter toute pr\u00e9occupation ou probl\u00e9matique de s\u00e9curit\u00e9. Il se rend ensuite \u00e0 l\u2019atelier pour r\u00e9pondre \u00e0 des courriels, planifier et r\u00e9viser des formations, actualiser les politiques et proc\u00e9dures, et r\u00e9viser des rapports d\u2019incident. \u00c9galement au programme\u202f: \u00e9valuation des risques, rencontres avec les gestionnaires de sites et toute la pr\u00e9paration connexe ainsi que toute autre t\u00e2che administrative qui l\u2019attend.&nbsp;<\/p>\n\n\n\n<h3 class=\"wp-block-heading\">Petit conseil<\/h3>\n\n\n\n<blockquote class=\"wp-block-quote is-layout-flow wp-block-quote-is-layout-flow\">\n<p>\u00ab\u202fL\u2019exp\u00e9rience et la formation sont n\u00e9cessaires au travail dans le secteur du renouvelable. Cependant, il est aussi possible d\u2019op\u00e9rer des transitions professionnelles dans le domaine durant sa carri\u00e8re, en passant de r\u00e9parateur de pale \u00e0 technicien, par exemple.\u202f\u00bb&nbsp;<\/p>\n<cite>\u2014Derek\u202fWright&nbsp;<\/cite><\/blockquote>\n\n\n\n<h3 class=\"wp-block-heading\"><strong><strong>Comp\u00e9tences importantes<\/strong><\/strong><\/h3>\n\n\n\n<ul class=\"wp-block-list\">\n<li><strong>Pens\u00e9e critique\u202f<\/strong>: Il s\u2019agit de faire face \u00e0 un probl\u00e8me et d\u2019arriver \u00e0 trouver une solution cr\u00e9ative. On s\u2019inspire d\u2019exp\u00e9riences ant\u00e9rieures et de connaissances, et on a la capacit\u00e9 de d\u00e9cortiquer le probl\u00e8me.&nbsp;<\/li>\n\n\n\n<li><strong>Bonne communication\u202f:<\/strong> Cela passe par des consignes claires aux \u00e9quipes de techniciens, des discussions sur les plans d\u2019entretien et de r\u00e9paration avec les gestionnaires des sites, et la r\u00e9solution rapide et efficace des pr\u00e9occupations de s\u00e9curit\u00e9.&nbsp;<\/li>\n\n\n\n<li><strong>Organisation\u202f:<\/strong> Cela touche la priorisation des activit\u00e9s, la coordination des horaires et la gestion des ressources pour veiller au bon fonctionnement des activit\u00e9s sur chaque site.&nbsp;<\/li>\n<\/ul>\n\n\n\n<div style=\"height:64px\" aria-hidden=\"true\" class=\"wp-block-spacer\"><\/div>\n","protected":false},"excerpt":{"rendered":"<p>Vous &ecirc;tes-vous d&eacute;j&agrave; demand&eacute; &agrave; quoi ressemble le quotidien d&rsquo;une technicienne en &eacute;oliennes, juch&eacute;e &agrave; 150&#8239;m&egrave;tres dans les airs? Ou celui d&rsquo;un &eacute;lectricien dans une centrale solaire, qui harnache la puissance du Soleil pour recharger une batterie g&eacute;ante? Avec ses profils de carri&egrave;re en &eacute;nergie propre, CanREA interroge les travailleurs canadiens du renouvelable et du [&hellip;]<\/p>\n","protected":false},"author":1582,"featured_media":19975,"comment_status":"closed","ping_status":"closed","sticky":false,"template":"","format":"standard","meta":{"_acf_changed":false,"_eb_attr":"","_uag_custom_page_level_css":"","footnotes":""},"categories":[198],"tags":[],"class_list":["post-19963","post","type-post","status-publish","format-standard","has-post-thumbnail","hentry","category-profil-de-travailleur"],"acf":[],"uagb_featured_image_src":{"full":["https:\/\/renewablesassociation.ca\/wp-content\/uploads\/2024\/05\/Occupational-Profiles-website-photos-1024-\u00d7-830-px.png",1024,830,false],"thumbnail":["https:\/\/renewablesassociation.ca\/wp-content\/uploads\/2024\/05\/Occupational-Profiles-website-photos-1024-\u00d7-830-px-150x150.png",150,150,true],"medium":["https:\/\/renewablesassociation.ca\/wp-content\/uploads\/2024\/05\/Occupational-Profiles-website-photos-1024-\u00d7-830-px-300x243.png",300,243,true],"medium_large":["https:\/\/renewablesassociation.ca\/wp-content\/uploads\/2024\/05\/Occupational-Profiles-website-photos-1024-\u00d7-830-px-768x623.png",768,623,true],"large":["https:\/\/renewablesassociation.ca\/wp-content\/uploads\/2024\/05\/Occupational-Profiles-website-photos-1024-\u00d7-830-px.png",1024,830,false],"1536x1536":["https:\/\/renewablesassociation.ca\/wp-content\/uploads\/2024\/05\/Occupational-Profiles-website-photos-1024-\u00d7-830-px.png",1024,830,false],"2048x2048":["https:\/\/renewablesassociation.ca\/wp-content\/uploads\/2024\/05\/Occupational-Profiles-website-photos-1024-\u00d7-830-px.png",1024,830,false],"alm-thumbnail":["https:\/\/renewablesassociation.ca\/wp-content\/uploads\/2024\/05\/Occupational-Profiles-website-photos-1024-\u00d7-830-px-150x150.png",150,150,true],"alm-cta":["https:\/\/renewablesassociation.ca\/wp-content\/uploads\/2024\/05\/Occupational-Profiles-website-photos-1024-\u00d7-830-px-800x450.png",800,450,true],"alm-gallery":["https:\/\/renewablesassociation.ca\/wp-content\/uploads\/2024\/05\/Occupational-Profiles-website-photos-1024-\u00d7-830-px-800x600.png",800,600,true],"news-img-2x":["https:\/\/renewablesassociation.ca\/wp-content\/uploads\/2024\/05\/Occupational-Profiles-website-photos-1024-\u00d7-830-px.png",1024,830,false],"news-img":["https:\/\/renewablesassociation.ca\/wp-content\/uploads\/2024\/05\/Occupational-Profiles-website-photos-1024-\u00d7-830-px-690x515.png",690,515,true],"gform-image-choice-sm":["https:\/\/renewablesassociation.ca\/wp-content\/uploads\/2024\/05\/Occupational-Profiles-website-photos-1024-\u00d7-830-px.png",300,243,false],"gform-image-choice-md":["https:\/\/renewablesassociation.ca\/wp-content\/uploads\/2024\/05\/Occupational-Profiles-website-photos-1024-\u00d7-830-px.png",400,324,false],"gform-image-choice-lg":["https:\/\/renewablesassociation.ca\/wp-content\/uploads\/2024\/05\/Occupational-Profiles-website-photos-1024-\u00d7-830-px.png",600,486,false]},"uagb_author_info":{"display_name":"Melissa McDougall","author_link":"https:\/\/renewablesassociation.ca\/fr\/author\/bff89ed1-c4f1-4277-9caa-d943ba5a306a\/"},"uagb_comment_info":0,"uagb_excerpt":"Vous &ecirc;tes-vous d&eacute;j&agrave; demand&eacute; &agrave; quoi ressemble le quotidien d&rsquo;une technicienne en &eacute;oliennes, juch&eacute;e &agrave; 150&#8239;m&egrave;tres dans les airs? Ou celui d&rsquo;un &eacute;lectricien dans une centrale solaire, qui harnache la puissance du Soleil pour recharger une batterie g&eacute;ante? Avec ses profils de carri&egrave;re en &eacute;nergie propre, CanREA interroge les travailleurs canadiens du renouvelable et du\u2026","_links":{"self":[{"href":"https:\/\/renewablesassociation.ca\/fr\/wp-json\/wp\/v2\/posts\/19963","targetHints":{"allow":["GET"]}}],"collection":[{"href":"https:\/\/renewablesassociation.ca\/fr\/wp-json\/wp\/v2\/posts"}],"about":[{"href":"https:\/\/renewablesassociation.ca\/fr\/wp-json\/wp\/v2\/types\/post"}],"author":[{"embeddable":true,"href":"https:\/\/renewablesassociation.ca\/fr\/wp-json\/wp\/v2\/users\/1582"}],"replies":[{"embeddable":true,"href":"https:\/\/renewablesassociation.ca\/fr\/wp-json\/wp\/v2\/comments?post=19963"}],"version-history":[{"count":2,"href":"https:\/\/renewablesassociation.ca\/fr\/wp-json\/wp\/v2\/posts\/19963\/revisions"}],"predecessor-version":[{"id":20051,"href":"https:\/\/renewablesassociation.ca\/fr\/wp-json\/wp\/v2\/posts\/19963\/revisions\/20051"}],"wp:featuredmedia":[{"embeddable":true,"href":"https:\/\/renewablesassociation.ca\/fr\/wp-json\/wp\/v2\/media\/19975"}],"wp:attachment":[{"href":"https:\/\/renewablesassociation.ca\/fr\/wp-json\/wp\/v2\/media?parent=19963"}],"wp:term":[{"taxonomy":"category","embeddable":true,"href":"https:\/\/renewablesassociation.ca\/fr\/wp-json\/wp\/v2\/categories?post=19963"},{"taxonomy":"post_tag","embeddable":true,"href":"https:\/\/renewablesassociation.ca\/fr\/wp-json\/wp\/v2\/tags?post=19963"}],"curies":[{"name":"wp","href":"https:\/\/api.w.org\/{rel}","templated":true}]}}