{"id":18882,"date":"2024-01-26T13:16:11","date_gmt":"2024-01-26T17:16:11","guid":{"rendered":"https:\/\/renewablesassociation.ca\/?p=18882"},"modified":"2024-01-26T13:19:38","modified_gmt":"2024-01-26T17:19:38","slug":"enonce-hydro-quebec-retient-huit-soumissions-de-membres-de-canrea-totalisant-1-550-mw","status":"publish","type":"post","link":"https:\/\/renewablesassociation.ca\/fr\/enonce-hydro-quebec-retient-huit-soumissions-de-membres-de-canrea-totalisant-1-550-mw\/","title":{"rendered":"\u00c9nonc\u00e9 : Hydro-Qu\u00e9bec retient huit soumissions de membres de CanREA totalisant 1 550 MW"},"content":{"rendered":"\n<p><strong>Montr\u00e9al, le 26 janvier 2024<\/strong>\u2014Cinq membres de CanREA ont \u00e9t\u00e9 s\u00e9lectionn\u00e9s par Hydro-Qu\u00e9bec pour tous les projets de leur dernier appel d\u2019offres, tel <a href=\"https:\/\/nouvelles.hydroquebec.com\/fr\/communiques-de-presse\/2036\/hydro-quebec-retient-huit-soumissions-totalisant-1-550-mw-denergie-eolienne\/\" target=\"_blank\" rel=\"noreferrer noopener\">qu\u2019annonc\u00e9 aujourd\u2019hui<\/a>.<\/p>\n\n\n\n<p>\u00ab&nbsp;CanREA souhaite f\u00e9liciter ses membres Boralex, Kruger, Pattern, Invenergy et Innergex, lesquels repr\u00e9sentent la totalit\u00e9 des huit soumissions retenues par Hydro-Qu\u00e9bec pour un total de 1 550 m\u00e9gawatts (MW) de puissance contractuelle.&nbsp;\u00bb, a dit Jean Habel, Directeur pour le Qu\u00e9bec et le Canada atlantique chez CanREA.<\/p>\n\n\n\n<p>Ces projets se feront en partenariat avec des regroupements de municipalit\u00e9s qui sont la MRC d&#8217;Arthabaska, la MRC des Appalaches, la MRC de l&#8217;\u00c9rable, la MRC Jardins-de-Napierville, la MRC de Manicouagan, MRC de Lotbini\u00e8re, la Coop\u00e9rative R\u00e9gionale d&#8217;\u00c9lectricit\u00e9 de St-Jean-Baptiste de Rouville et l&#8217;Alliance de l&#8217;\u00e9nergie de l&#8217;Est.<\/p>\n\n\n\n<p>De plus, plusieurs projets incluront une participation de communaut\u00e9s autochtones, soient le Conseil des Ab\u00e9nakis d&#8217;Odanak, le Conseil des Ab\u00e9nakis de W\u00f4linak, le Conseil des Mohawks de Kahnawake et le Conseil des Innus de Pessamit.<\/p>\n\n\n\n<p>Rappelons qu\u2019Hydro-Qu\u00e9bec a <a href=\"https:\/\/renewablesassociation.ca\/fr\/?p=14915\">lanc\u00e9 cet appel d\u2019offres<\/a> le 31 mars 2023 et que les livraisons d\u2019\u00e9lectricit\u00e9 doivent commencer, selon les soumissions retenues, entre le 1er d\u00e9cembre 2027 et le 1er d\u00e9cembre 2029. <\/p>\n\n\n\n<p>CanREA a \u00e9t\u00e9 un <a href=\"https:\/\/renewablesassociation.ca\/fr\/?p=16785\">acteur de premier plan <\/a>dans la sensibilisation aupr\u00e8s des diverses parties prenantes de mettre en place de la pr\u00e9visibilit\u00e9 et de la constance dans le d\u00e9ploiement des \u00e9nergies renouvelables afin de bien r\u00e9pondre \u00e0 la demande croissante en \u00e9nergie du Qu\u00e9bec. <\/p>\n\n\n\n<p>De ce fait, CanREA se r\u00e9jouit de voir que cet appel d&#8217;offres s&#8217;inscrit \u00e0 l&#8217;int\u00e9rieur du <a href=\"https:\/\/renewablesassociation.ca\/fr\/?p=17926\">r\u00e9cent plan d&#8217;action 2035 d&#8217;Hydro-Qu\u00e9bec <\/a>visant \u00e0 int\u00e9grer plus de 10 000 MW de nouvelles capacit\u00e9s \u00e9oliennes d\u2019ici 2035 et l&#8217;ajout de 60 TWh d&#8217;ici 2035. <\/p>\n\n\n\n<h3 class=\"wp-block-heading\">Citations<\/h3>\n\n\n\n<blockquote class=\"wp-block-quote is-layout-flow wp-block-quote-is-layout-flow\">\n<p>\u00ab&nbsp;CanREA souhaite f\u00e9liciter ses membres Boralex, Kruger, Pattern, Invenergy et Innergex, lesquels repr\u00e9sentent la totalit\u00e9 des huit soumissions retenues par Hydro-Qu\u00e9bec pour un total de 1 550 m\u00e9gawatts (MW) de puissance contractuelle.&nbsp;\u00bb<\/p>\n<\/blockquote>\n\n\n\n<p><em>\u2014Jean Habel, directeur pour le Qu\u00e9bec et le Canada atlantique chez CanREA.<\/em><\/p>\n\n\n\n<h3 class=\"wp-block-heading\">\u00c0 propos de CanREA<\/h3>\n\n\n\n<p>L\u2019Association canadienne de l\u2019\u00e9nergie renouvelable (CanREA) est la voix des solutions d\u2019\u00e9nergies \u00e9olienne et solaire et de stockage d\u2019\u00e9nergie qui fa\u00e7onnent l\u2019avenir \u00e9nerg\u00e9tique du Canada. Nous nous employons \u00e0 cr\u00e9er les conditions favorables \u00e0 l\u2019\u00e9tablissement d\u2019un syst\u00e8me \u00e9nerg\u00e9tique moderne en mobilisant les parties prenantes et le public. Issus de divers horizons, nos membres sont parfaitement en mesure d\u2019offrir des solutions propres, abordables, fiables, flexibles et \u00e9volutives pour combler les besoins \u00e9nerg\u00e9tiques du Canada. Pour savoir comment le Canada peut utiliser l\u2019\u00e9olien, le solaire et le stockage d\u2019\u00e9nergie pour atteindre son objectif de carboneutralit\u00e9, veuillez consulter \u00ab&nbsp;\u00c9lectrifier le parcours du Canada vers la carboneutralit\u00e9 : la vision 2050 de CanREA.&nbsp;\u00bb<\/p>\n\n\n\n<p>Suivez-nous sur<a href=\"https:\/\/twitter.com\/RenewablesAssoc\" target=\"_blank\" rel=\"noreferrer noopener\">&nbsp;Twitter<\/a>&nbsp;et<a href=\"https:\/\/www.linkedin.com\/company\/renewablesassoc\/\" target=\"_blank\" rel=\"noreferrer noopener\">&nbsp;LinkedIn<\/a>,&nbsp;<a href=\"https:\/\/renewablesassociation.ca\/fr\/?page_id=2550\">inscrivez-vous \u00e0 notre infolettre<\/a>,&nbsp;<a href=\"https:\/\/renewablesassociation.ca\/fr\/?page_id=1384\">devenez membre<\/a>&nbsp;et informez-vous sur&nbsp;<a href=\"https:\/\/associationrenouvelable.ca\/\" target=\"_blank\" rel=\"noreferrer noopener\">associationrenouvelable.ca<\/a>.<\/p>\n\n\n\n<h3 class=\"wp-block-heading\">Pour demander une entrevue, communiquez avec :<\/h3>\n\n\n\n<p>Bridget Wayland, Directrice principale des communications&nbsp;<br>L\u2019Association canadienne de l\u2019\u00e9nergie renouvelable&nbsp;&nbsp;<br>613-227-5378<br><a href=\"mailto:communications@renewablesassociation.ca\">communications@renewablesassociation.ca<\/a> &nbsp;&nbsp;<\/p>\n","protected":false},"excerpt":{"rendered":"<p>&mdash;Cinq membres de CanREA ont &eacute;t&eacute; s&eacute;lectionn&eacute;s par Hydro-Qu&eacute;bec pour tous les projets de leur dernier appel d&rsquo;offres, tel <a href=\"https:\/\/nouvelles.hydroquebec.com\/fr\/communiques-de-presse\/2036\/hydro-quebec-retient-huit-soumissions-totalisant-1-550-mw-denergie-eolienne\/\" target=\"_blank\" rel=\"noreferrer noopener\">qu&rsquo;annonc&eacute; aujourd&rsquo;hui<\/a>. [&hellip;]<\/p>\n","protected":false},"author":1582,"featured_media":4802,"comment_status":"closed","ping_status":"closed","sticky":false,"template":"","format":"standard","meta":{"_acf_changed":false,"_eb_attr":"","_uag_custom_page_level_css":"","footnotes":""},"categories":[9],"tags":[],"class_list":["post-18882","post","type-post","status-publish","format-standard","has-post-thumbnail","hentry","category-communique"],"acf":[],"uagb_featured_image_src":{"full":["https:\/\/renewablesassociation.ca\/wp-content\/uploads\/2020\/12\/CanREA-2-e1686846596127.png",1376,698,false],"thumbnail":["https:\/\/renewablesassociation.ca\/wp-content\/uploads\/2020\/12\/CanREA-2-e1686846596127-150x150.png",150,150,true],"medium":["https:\/\/renewablesassociation.ca\/wp-content\/uploads\/2020\/12\/CanREA-2-e1686846596127-300x152.png",300,152,true],"medium_large":["https:\/\/renewablesassociation.ca\/wp-content\/uploads\/2020\/12\/CanREA-2-e1686846596127-768x390.png",768,390,true],"large":["https:\/\/renewablesassociation.ca\/wp-content\/uploads\/2020\/12\/CanREA-2-e1686846596127-1024x519.png",1024,519,true],"1536x1536":["https:\/\/renewablesassociation.ca\/wp-content\/uploads\/2020\/12\/CanREA-2-e1686846596127.png",1376,698,false],"2048x2048":["https:\/\/renewablesassociation.ca\/wp-content\/uploads\/2020\/12\/CanREA-2-e1686846596127.png",1376,698,false],"alm-thumbnail":["https:\/\/renewablesassociation.ca\/wp-content\/uploads\/2020\/12\/CanREA-2-e1686846596127-150x150.png",150,150,true],"alm-cta":["https:\/\/renewablesassociation.ca\/wp-content\/uploads\/2020\/12\/CanREA-2-e1686846596127-800x450.png",800,450,true],"alm-gallery":["https:\/\/renewablesassociation.ca\/wp-content\/uploads\/2020\/12\/CanREA-2-e1686846596127-800x600.png",800,600,true],"news-img-2x":["https:\/\/renewablesassociation.ca\/wp-content\/uploads\/2020\/12\/CanREA-2-1380x1030.png",1380,1030,true],"news-img":["https:\/\/renewablesassociation.ca\/wp-content\/uploads\/2020\/12\/CanREA-2-e1686846596127-690x515.png",690,515,true],"gform-image-choice-sm":["https:\/\/renewablesassociation.ca\/wp-content\/uploads\/2020\/12\/CanREA-2-e1686846596127.png",300,152,false],"gform-image-choice-md":["https:\/\/renewablesassociation.ca\/wp-content\/uploads\/2020\/12\/CanREA-2-e1686846596127.png",400,203,false],"gform-image-choice-lg":["https:\/\/renewablesassociation.ca\/wp-content\/uploads\/2020\/12\/CanREA-2-e1686846596127.png",600,304,false]},"uagb_author_info":{"display_name":"Melissa McDougall","author_link":"https:\/\/renewablesassociation.ca\/fr\/author\/bff89ed1-c4f1-4277-9caa-d943ba5a306a\/"},"uagb_comment_info":0,"uagb_excerpt":"&mdash;Cinq membres de CanREA ont &eacute;t&eacute; s&eacute;lectionn&eacute;s par Hydro-Qu&eacute;bec pour tous les projets de leur dernier appel d&rsquo;offres, tel qu&rsquo;annonc&eacute; aujourd&rsquo;hui. [&hellip;]","_links":{"self":[{"href":"https:\/\/renewablesassociation.ca\/fr\/wp-json\/wp\/v2\/posts\/18882","targetHints":{"allow":["GET"]}}],"collection":[{"href":"https:\/\/renewablesassociation.ca\/fr\/wp-json\/wp\/v2\/posts"}],"about":[{"href":"https:\/\/renewablesassociation.ca\/fr\/wp-json\/wp\/v2\/types\/post"}],"author":[{"embeddable":true,"href":"https:\/\/renewablesassociation.ca\/fr\/wp-json\/wp\/v2\/users\/1582"}],"replies":[{"embeddable":true,"href":"https:\/\/renewablesassociation.ca\/fr\/wp-json\/wp\/v2\/comments?post=18882"}],"version-history":[{"count":12,"href":"https:\/\/renewablesassociation.ca\/fr\/wp-json\/wp\/v2\/posts\/18882\/revisions"}],"predecessor-version":[{"id":18895,"href":"https:\/\/renewablesassociation.ca\/fr\/wp-json\/wp\/v2\/posts\/18882\/revisions\/18895"}],"wp:featuredmedia":[{"embeddable":true,"href":"https:\/\/renewablesassociation.ca\/fr\/wp-json\/wp\/v2\/media\/4802"}],"wp:attachment":[{"href":"https:\/\/renewablesassociation.ca\/fr\/wp-json\/wp\/v2\/media?parent=18882"}],"wp:term":[{"taxonomy":"category","embeddable":true,"href":"https:\/\/renewablesassociation.ca\/fr\/wp-json\/wp\/v2\/categories?post=18882"},{"taxonomy":"post_tag","embeddable":true,"href":"https:\/\/renewablesassociation.ca\/fr\/wp-json\/wp\/v2\/tags?post=18882"}],"curies":[{"name":"wp","href":"https:\/\/api.w.org\/{rel}","templated":true}]}}