{"id":17879,"date":"2023-10-23T16:46:45","date_gmt":"2023-10-23T20:46:45","guid":{"rendered":"https:\/\/renewablesassociation.ca\/?p=17879"},"modified":"2023-10-24T13:07:47","modified_gmt":"2023-10-24T17:07:47","slug":"__trashed-3","status":"publish","type":"post","link":"https:\/\/renewablesassociation.ca\/fr\/__trashed-3\/","title":{"rendered":"Phil McKay"},"content":{"rendered":"\n<p><strong>Superviseur des op\u00e9rations, TriDirecteur principal, Affaires techniques et utilitairesSummit Utilities Inc.<\/strong><\/p>\n\n\n\n<h2 class=\"wp-block-heading\">Profil de carri\u00e8re en \u00e9nergie propre<\/h2>\n\n\n\n<blockquote class=\"wp-block-quote is-layout-flow wp-block-quote-is-layout-flow\">\n<p>Vous \u00eates-vous d\u00e9j\u00e0 demand\u00e9 \u00e0 quoi ressemble le quotidien d\u2019une technicienne en \u00e9oliennes, juch\u00e9e \u00e0 150 m\u00e8tres dans les airs? Ou celui d\u2019un \u00e9lectricien dans une centrale solaire, qui harnache la puissance du Soleil pour recharger une batterie g\u00e9ante? Avec ses profils de carri\u00e8re en \u00e9nergie propre, CanREA interroge les travailleurs canadiens du renouvelable et du stockage d\u2019\u00e9nergie sur leur travail, sur ce qui les a amen\u00e9s dans le domaine, et sur leurs conseils pour la rel\u00e8ve.<\/p>\n<\/blockquote>\n\n\n\n<p>En 2023, l\u2019Association canadienne de l\u2019\u00e9nergie renouvelable (CanREA) s\u2019est entretenue avec Phil McKay, son directeur principal, Affaires techniques et utilitaires, pour en savoir plus sur son parcours professionnel.&nbsp;<\/p>\n\n\n\n<figure class=\"wp-block-table\"><table><tbody><tr><td><strong>Nom&nbsp;:<\/strong><\/td><td><strong>Phil\u202fMcKay<\/strong><\/td><\/tr><tr><td><strong>Emploi&nbsp;:<\/strong><\/td><td><strong>Directeur principal, Affaires techniques et utilitaires<\/strong><\/td><\/tr><tr><td><strong>Entreprise&nbsp;:<\/strong><\/td><td><strong>Association canadienne de l\u2019\u00e9nergie renouvelable<\/strong><\/td><\/tr><\/tbody><\/table><\/figure>\n\n\n\n<div style=\"height:32px\" aria-hidden=\"true\" class=\"wp-block-spacer\"><\/div>\n\n\n\n<h3 class=\"wp-block-heading\"><strong>Parcours<\/strong><\/h3>\n\n\n\n<p>Phil\u202fMcKay a lanc\u00e9 sa carri\u00e8re dans le secteur automobile en tant qu\u2019ing\u00e9nieur m\u00e9canique. Bien qu\u2019il ait toujours lorgn\u00e9 un poste dans le domaine des \u00e9nergies renouvelables, c\u2019est en voyant les grandes \u00e9oliennes longeant l\u2019autoroute\u202f401 en Ontario qu\u2019il a eu un v\u00e9ritable d\u00e9clic. Phil\u202fMcKay a \u00e9tudi\u00e9 \u00e0 l\u2019Universit\u00e9 de Windsor, o\u00f9 il a obtenu un baccalaur\u00e9at en g\u00e9nie m\u00e9canique, suivi d\u2019une ma\u00eetrise ax\u00e9e sur les technologies d\u2019\u00e9oliennes, \u00e9tudiant la dynamique des parcs \u00e9oliens \u00e0 l\u2019\u00e9chelle industrielle. En 2016, il s\u2019est joint \u00e0 l\u2019Association canadienne de l\u2019\u00e9nergie \u00e9olienne, devenue l\u2019Association canadienne de l\u2019\u00e9nergie renouvelable (CanREA) en 2020. Anciennement directeur du programme des op\u00e9rations, il est maintenant \u00e0 la t\u00eate du Centre de transition \u00e9lectrique.&nbsp;<\/p>\n\n\n\n<h3 class=\"wp-block-heading\"><strong>Quotidien<\/strong><\/h3>\n\n\n\n<p>Phil\u202fMcKay travaille de chez lui, mais se d\u00e9place r\u00e9guli\u00e8rement pour donner des conf\u00e9rences, d\u00e9velopper son r\u00e9seau et recueillir des connaissances utiles pour le secteur. Il commence ses matins par un tour des nouvelles pour se tenir au fait des nouveaut\u00e9s. Ensuite, il passe la majeure partie de la matin\u00e9e \u00e0 r\u00e9diger des rapports pour le secteur, \u00e0 \u00e9laborer des processus et des m\u00e9thodes de transmission des connaissances et \u00e0 cr\u00e9er des \u00e9v\u00e9nements et des programmes internes. L\u2019apr\u00e8s-midi, il prend part \u00e0 des r\u00e9unions avec sa petite \u00e9quipe de sp\u00e9cialistes ainsi qu\u2019avec des membres du secteur, des organismes gouvernementaux et universitaires.&nbsp;<\/p>\n\n\n\n<h3 class=\"wp-block-heading\"><strong><strong>Petit conseil<\/strong><\/strong><\/h3>\n\n\n\n<blockquote class=\"wp-block-quote is-layout-flow wp-block-quote-is-layout-flow\">\n<p>\u00ab\u202fLa taille, mais aussi l\u2019ampleur du secteur de l\u2019\u00e9nergie renouvelable, est en croissance rapide. Comme je l\u2019ai d\u00e9couvert en arrivant dans le milieu, on peut cr\u00e9er des occasions qui correspondent aux comp\u00e9tences des personnes, notamment en tirant parti des programmes de formation existants ou par une approche adapt\u00e9e et personnalis\u00e9e. Il faut vouloir prendre le temps d\u2019entrer en contact avec les acteurs du secteur.\u202f\u00bb&nbsp;<\/p>\n\n\n\n<p>\u00ab\u202fLe travail dans ce milieu est gratifiant parce que nous contribuons presque tous, \u00e0 notre fa\u00e7on, \u00e0 la lutte mondiale contre les changements climatiques. Toutes les personnes int\u00e9ress\u00e9es devraient se joindre \u00e0 nous!\u202f\u00bb&nbsp;<\/p>\n<cite>\u2014Phil\u202fMcKay<\/cite><\/blockquote>\n\n\n\n<h3 class=\"wp-block-heading\"><strong><strong>Comp\u00e9tences importantes<\/strong><\/strong><\/h3>\n\n\n\n<p>Mon travail est centr\u00e9 sur l\u2019adaptation de contenu technique \u00e0 un vaste \u00e9ventail de contextes de la transition \u00e9nerg\u00e9tique du Canada, donc voici les comp\u00e9tences dont je fais le plus souvent preuve\u202f:&nbsp;<\/p>\n\n\n\n<ul class=\"wp-block-list\">\n<li>Recueil et synth\u00e8se d\u2019informations techniques, commerciales et r\u00e9glementaires pour servir aux membres des r\u00e9seaux de CanREA.&nbsp;<\/li>\n\n\n\n<li>Comp\u00e9tences interpersonnelles, comme l\u2019\u00e9coute active et la communication efficace de concepts.&nbsp;<\/li>\n\n\n\n<li>Capacit\u00e9 \u00e0 travailler sur diverses plateformes num\u00e9riques pour regrouper et analyser de l\u2019information provenant d\u2019un large \u00e9ventail de sources.&nbsp;<\/li>\n\n\n\n<li>Gestion d\u2019une petite \u00e9quipe de gens ambitieux, qui a besoin de planification et d\u2019une vision d\u2019avenir pour \u00eatre nourrie et soutenue professionnellement.&nbsp;<\/li>\n<\/ul>\n\n\n\n<div style=\"height:64px\" aria-hidden=\"true\" class=\"wp-block-spacer\"><\/div>\n\n\n\n<div class=\"wp-block-group\"><div class=\"wp-block-group__inner-container is-layout-constrained wp-block-group-is-layout-constrained\">\n<div class=\"wp-block-uagb-call-to-action uagb-block-3e611f8a wp-block-button\"><div class=\"uagb-cta__wrap\"><h3 class=\"uagb-cta__title\">Voyez tous les profils de carri\u00e8re ici.<\/h3><\/div><div class=\"uagb-cta__buttons\"><a href=\"\/fr\/carrieres\/profils-de-travailleurs\/\" class=\"uagb-cta__button-link-wrapper wp-block-button__link\" target=\"_self\" rel=\"noopener noreferrer\">Lien<\/a><\/div><\/div>\n\n\n\n<div class=\"wp-block-uagb-separator uagb-block-fab97aa8\"><div class=\"wp-block-uagb-separator__inner\" style=\"--my-background-image:\"><\/div><\/div>\n<\/div><\/div>\n","protected":false},"excerpt":{"rendered":"<p>Vous &ecirc;tes-vous d&eacute;j&agrave; demand&eacute; &agrave; quoi ressemble le quotidien d&rsquo;une technicienne en &eacute;oliennes, juch&eacute;e &agrave; 150 m&egrave;tres dans les airs? Ou celui d&rsquo;un &eacute;lectricien dans une centrale solaire, qui harnache la puissance du Soleil pour recharger une batterie g&eacute;ante? Avec ses profils de carri&egrave;re en &eacute;nergie propre, CanREA interroge les travailleurs canadiens du renouvelable et [&hellip;]<\/p>\n","protected":false},"author":1582,"featured_media":17892,"comment_status":"closed","ping_status":"closed","sticky":false,"template":"","format":"standard","meta":{"_acf_changed":false,"_eb_attr":"","_uag_custom_page_level_css":"","footnotes":""},"categories":[198],"tags":[],"class_list":["post-17879","post","type-post","status-publish","format-standard","has-post-thumbnail","hentry","category-profil-de-travailleur"],"acf":[],"uagb_featured_image_src":{"full":["https:\/\/renewablesassociation.ca\/wp-content\/uploads\/2023\/10\/Phil-graphic-FR.png",1024,830,false],"thumbnail":["https:\/\/renewablesassociation.ca\/wp-content\/uploads\/2023\/10\/Phil-graphic-FR-150x150.png",150,150,true],"medium":["https:\/\/renewablesassociation.ca\/wp-content\/uploads\/2023\/10\/Phil-graphic-FR-300x243.png",300,243,true],"medium_large":["https:\/\/renewablesassociation.ca\/wp-content\/uploads\/2023\/10\/Phil-graphic-FR-768x623.png",768,623,true],"large":["https:\/\/renewablesassociation.ca\/wp-content\/uploads\/2023\/10\/Phil-graphic-FR.png",1024,830,false],"1536x1536":["https:\/\/renewablesassociation.ca\/wp-content\/uploads\/2023\/10\/Phil-graphic-FR.png",1024,830,false],"2048x2048":["https:\/\/renewablesassociation.ca\/wp-content\/uploads\/2023\/10\/Phil-graphic-FR.png",1024,830,false],"alm-thumbnail":["https:\/\/renewablesassociation.ca\/wp-content\/uploads\/2023\/10\/Phil-graphic-FR-150x150.png",150,150,true],"alm-cta":["https:\/\/renewablesassociation.ca\/wp-content\/uploads\/2023\/10\/Phil-graphic-FR-800x450.png",800,450,true],"alm-gallery":["https:\/\/renewablesassociation.ca\/wp-content\/uploads\/2023\/10\/Phil-graphic-FR-800x600.png",800,600,true],"news-img-2x":["https:\/\/renewablesassociation.ca\/wp-content\/uploads\/2023\/10\/Phil-graphic-FR.png",1024,830,false],"news-img":["https:\/\/renewablesassociation.ca\/wp-content\/uploads\/2023\/10\/Phil-graphic-FR-690x515.png",690,515,true],"gform-image-choice-sm":["https:\/\/renewablesassociation.ca\/wp-content\/uploads\/2023\/10\/Phil-graphic-FR.png",300,243,false],"gform-image-choice-md":["https:\/\/renewablesassociation.ca\/wp-content\/uploads\/2023\/10\/Phil-graphic-FR.png",400,324,false],"gform-image-choice-lg":["https:\/\/renewablesassociation.ca\/wp-content\/uploads\/2023\/10\/Phil-graphic-FR.png",600,486,false]},"uagb_author_info":{"display_name":"Melissa McDougall","author_link":"https:\/\/renewablesassociation.ca\/fr\/author\/bff89ed1-c4f1-4277-9caa-d943ba5a306a\/"},"uagb_comment_info":0,"uagb_excerpt":"Vous &ecirc;tes-vous d&eacute;j&agrave; demand&eacute; &agrave; quoi ressemble le quotidien d&rsquo;une technicienne en &eacute;oliennes, juch&eacute;e &agrave; 150 m&egrave;tres dans les airs? Ou celui d&rsquo;un &eacute;lectricien dans une centrale solaire, qui harnache la puissance du Soleil pour recharger une batterie g&eacute;ante? Avec ses profils de carri&egrave;re en &eacute;nergie propre, CanREA interroge les travailleurs canadiens du renouvelable et\u2026","_links":{"self":[{"href":"https:\/\/renewablesassociation.ca\/fr\/wp-json\/wp\/v2\/posts\/17879","targetHints":{"allow":["GET"]}}],"collection":[{"href":"https:\/\/renewablesassociation.ca\/fr\/wp-json\/wp\/v2\/posts"}],"about":[{"href":"https:\/\/renewablesassociation.ca\/fr\/wp-json\/wp\/v2\/types\/post"}],"author":[{"embeddable":true,"href":"https:\/\/renewablesassociation.ca\/fr\/wp-json\/wp\/v2\/users\/1582"}],"replies":[{"embeddable":true,"href":"https:\/\/renewablesassociation.ca\/fr\/wp-json\/wp\/v2\/comments?post=17879"}],"version-history":[{"count":3,"href":"https:\/\/renewablesassociation.ca\/fr\/wp-json\/wp\/v2\/posts\/17879\/revisions"}],"predecessor-version":[{"id":17897,"href":"https:\/\/renewablesassociation.ca\/fr\/wp-json\/wp\/v2\/posts\/17879\/revisions\/17897"}],"wp:featuredmedia":[{"embeddable":true,"href":"https:\/\/renewablesassociation.ca\/fr\/wp-json\/wp\/v2\/media\/17892"}],"wp:attachment":[{"href":"https:\/\/renewablesassociation.ca\/fr\/wp-json\/wp\/v2\/media?parent=17879"}],"wp:term":[{"taxonomy":"category","embeddable":true,"href":"https:\/\/renewablesassociation.ca\/fr\/wp-json\/wp\/v2\/categories?post=17879"},{"taxonomy":"post_tag","embeddable":true,"href":"https:\/\/renewablesassociation.ca\/fr\/wp-json\/wp\/v2\/tags?post=17879"}],"curies":[{"name":"wp","href":"https:\/\/api.w.org\/{rel}","templated":true}]}}