{"id":16475,"date":"2023-06-15T16:59:11","date_gmt":"2023-06-15T20:59:11","guid":{"rendered":"https:\/\/renewablesassociation.ca\/?p=16475"},"modified":"2023-06-19T17:06:39","modified_gmt":"2023-06-19T21:06:39","slug":"canrea-choisit-evan-wilson-comme-vice-president-des-affaires-politiques-ouest-canadien-et-affaires-nationales","status":"publish","type":"post","link":"https:\/\/renewablesassociation.ca\/fr\/canrea-choisit-evan-wilson-comme-vice-president-des-affaires-politiques-ouest-canadien-et-affaires-nationales\/","title":{"rendered":"CanREA choisit Evan Wilson comme vice-pr\u00e9sident des affaires politiques, Ouest canadien et affaires nationales \u00a0"},"content":{"rendered":"\n<h2 class=\"wp-block-heading\">En tant que membre de l\u2019\u00e9quipe de direction de CanREA, M.&nbsp;Wilson dirigera les dossiers politiques avec le gouvernement f\u00e9d\u00e9ral et les gouvernements de l\u2019Ouest canadien.<\/h2>\n\n\n\n<p><strong>Calgary, le 15&nbsp;juin 2023. \u2013 <\/strong>CanREA est ravi d\u2019annoncer que Evan Wilson a \u00e9t\u00e9 promu vice-pr\u00e9sident des affaires politiques, Ouest canadien et affaires nationales. Son nouveau mandat entre en vigueur d\u00e8s le 12&nbsp;juin 2023.<\/p>\n\n\n\n<p>Dans le cadre de ses nouvelles fonctions, M.&nbsp;Wilson rejoindra l\u2019\u00e9quipe de direction de CanREA et continuera de diriger les dossiers politiques du gouvernement f\u00e9d\u00e9ral et des gouvernements de l\u2019Ouest canadien.<\/p>\n\n\n\n<p>\u00ab&nbsp;J\u2019ai bien h\u00e2te de travailler avec les \u00e9quipes des politiques r\u00e9gionales de CanREA afin d\u2019acc\u00e9l\u00e9rer le d\u00e9veloppement de l\u2019\u00e9nergie solaire, de l\u2019\u00e9nergie \u00e9olienne et du stockage d\u2019\u00e9nergie dans l\u2019Ouest canadien. Ce poste me permettra aussi de faire en sorte que le gouvernement f\u00e9d\u00e9ral fournisse les ressources n\u00e9cessaires \u00e0 chaque r\u00e9gion pour d\u00e9velopper ces technologies de fa\u00e7on abordable et fiable\u2009\u00bb, dit M.&nbsp;Wilson.<\/p>\n\n\n\n<p>M.&nbsp;Wilson produit des r\u00e9sultats pour nos membres depuis maintenant sept ans, d\u2019abord, comme directeur r\u00e9gional des Prairies \u00e0 CanWEA, puis comme directeur principal de l\u2019Ouest canadien \u00e0 CanREA et, plus r\u00e9cemment, comme directeur principal des affaires politiques et gouvernementales \u00e0 CanREA.<\/p>\n\n\n\n<p>Il a dirig\u00e9 les relations gouvernementales et les initiatives du caucus en Alberta et en Saskatchewan, tout en contribuant \u00e0 notre approche de mobilisation aupr\u00e8s du gouvernement f\u00e9d\u00e9ral.<\/p>\n\n\n\n<p>L\u2019un des plus grands faits d\u2019arme d\u2019Evan Wilson est le succ\u00e8s de ses d\u00e9marches men\u00e9es aupr\u00e8s du f\u00e9d\u00e9ral pour l\u2019instauration du cr\u00e9dit d\u2019imp\u00f4t \u00e0 l\u2019investissement pour les technologies propres. Ces cr\u00e9dits permettront d\u2019acc\u00e9l\u00e9rer l\u2019adoption des \u00e9nergies solaires et \u00e9oliennes, ainsi que le stockage d\u2019\u00e9nergie au pays. <a href=\"https:\/\/renewablesassociation.ca\/fr\/communique-le-budget-federal-de-2023-inaugure-une-nouvelle-ere-pour-les-energies-renouvelables-canadiennes\/.\" target=\"_blank\" rel=\"noreferrer noopener\">Vous pourrez lire plus d\u2019informations sur le sujet ici<\/a>.<\/p>\n\n\n\n<p>\u00ab&nbsp;Quelle chance d\u2019accueillir un aussi bon directeur au sein de l\u2019\u00e9quipe, qui apporte d\u2019importants points sur le plan des politiques, dit Vittoria Bellissimo, pr\u00e9sidente et chef de la direction de CanREA. Nous sommes pr\u00eats \u00e0 tirer parti des comp\u00e9tences remarquables d\u2019Evan Wilson dans son nouveau r\u00f4le.\u2009\u00bb<\/p>\n\n\n\n<p><a href=\"https:\/\/renewablesassociation.ca\/fr\/?page_id=1403\" target=\"_blank\" rel=\"noreferrer noopener\">Voir toute l\u2019\u00e9quipe de CanREA ici.<\/a><\/p>\n\n\n\n<h3 class=\"wp-block-heading\">Citations<\/h3>\n\n\n\n<blockquote class=\"wp-block-quote is-layout-flow wp-block-quote-is-layout-flow\">\n<p>\u00ab&nbsp;Quelle chance d\u2019accueillir un aussi bon directeur au sein de l\u2019\u00e9quipe, qui apporte d\u2019importants points sur le plan des politiques. Nous sommes pr\u00eats \u00e0 tirer parti des comp\u00e9tences remarquables d\u2019Evan Wilson dans son nouveau r\u00f4le.&nbsp;\u00bb<\/p>\n<\/blockquote>\n\n\n\n<p>\u2013&nbsp;Vittoria&nbsp;Bellissimo, pr\u00e9sidente et chef de la direction, CanREA<\/p>\n\n\n\n<blockquote class=\"wp-block-quote is-layout-flow wp-block-quote-is-layout-flow\">\n<p>\u00ab&nbsp;J\u2019ai bien h\u00e2te de travailler avec les \u00e9quipes des politiques r\u00e9gionales de CanREA afin d\u2019acc\u00e9l\u00e9rer le d\u00e9veloppement de l\u2019\u00e9nergie solaire, de l\u2019\u00e9nergie \u00e9olienne et du stockage d\u2019\u00e9nergie dans l\u2019Ouest canadien. Ce poste me permettra aussi de faire en sorte que le gouvernement f\u00e9d\u00e9ral fournira les ressources n\u00e9cessaires \u00e0 chaque r\u00e9gion pour d\u00e9velopper ces technologies de fa\u00e7on abordable et fiable.&nbsp;\u00bb<\/p>\n<\/blockquote>\n\n\n\n<p>\u2013&nbsp;Evan Wilson, vice-pr\u00e9sident des affaires politiques, Ouest canadien et affaires nationales, CanREA<\/p>\n\n\n\n<h3 class=\"wp-block-heading\">\u00c0 propos de CanREA&nbsp;<\/h3>\n\n\n\n<p>L\u2019Association canadienne de l\u2019\u00e9nergie renouvelable (CanREA) est la voix des solutions d\u2019\u00e9nergies \u00e9olienne et solaire et de stockage d\u2019\u00e9nergie qui fa\u00e7onnent l\u2019avenir \u00e9nerg\u00e9tique du Canada. Nous nous employons \u00e0 cr\u00e9er les conditions favorables \u00e0 l\u2019\u00e9tablissement d\u2019un syst\u00e8me \u00e9nerg\u00e9tique moderne en mobilisant les parties prenantes et le public. Issus de divers horizons, nos membres sont parfaitement en mesure d\u2019offrir des solutions propres, abordables, fiables, flexibles et \u00e9volutives pour combler les besoins \u00e9nerg\u00e9tiques du Canada. Pour connaitre comment l\u2019\u00e9nergie \u00e9olienne, l\u2019\u00e9nergie solaire et le stockage d\u2019\u00e9nergie peuvent contribuer \u00e0 attendre la carboneutralit\u00e9 d\u2019ici 2050, consultez&nbsp;&nbsp;<a href=\"https:\/\/renewablesassociation.ca\/fr\/?page_id=6570\" target=\"_blank\" rel=\"noreferrer noopener\">\u00c9lectrifier le parcours du Canada vers la carboneutralit\u00e9\u202f: la vision\u202f2050 de CanREA<\/a>.&nbsp;&nbsp;<\/p>\n\n\n\n<p>Suivez-nous sur<a href=\"https:\/\/twitter.com\/RenewablesAssoc\" target=\"_blank\" rel=\"noreferrer noopener\">&nbsp;Twitter<\/a>&nbsp;et<a href=\"https:\/\/www.linkedin.com\/company\/renewablesassoc\/\" target=\"_blank\" rel=\"noreferrer noopener\">&nbsp;LinkedIn<\/a>,&nbsp;<a href=\"https:\/\/renewablesassociation.ca\/fr\/?page_id=14259\" target=\"_blank\" rel=\"noreferrer noopener\">inscrivez-vous \u00e0 notre infolettre<\/a>,&nbsp;<a href=\"https:\/\/renewablesassociation.ca\/fr\/?page_id=1384\" target=\"_blank\" rel=\"noreferrer noopener\">devenez membre<\/a>&nbsp;et informez-vous sur&nbsp;<a href=\"https:\/\/associationrenouvelable.ca\/\" target=\"_blank\" rel=\"noreferrer noopener\">associationrenouvelable.ca<\/a>.&nbsp;<\/p>\n\n\n\n<h3 class=\"wp-block-heading\">Pour les demandes m\u00e9diatiques et les possibilit\u00e9s d\u2019entrevue, communiquez avec\u202f:<\/h3>\n\n\n\n<p>Communications<br>Association canadienne de l\u2019\u00e9nergie renouvelable<br>647\u202f268-3382<br><a href=\"mailto:communications@associationrenouvelable.ca\" target=\"_blank\" rel=\"noreferrer noopener\">communications@associationrenouvelable.ca<\/a><\/p>\n","protected":false},"excerpt":{"rendered":"<p>CanREA est ravi d&rsquo;annoncer que Evan Wilson a &eacute;t&eacute; promu vice-pr&eacute;sident des affaires politiques, Ouest canadien et affaires nationales. Son nouveau mandat entre en vigueur d&egrave;s le 12juin 2023. [&hellip;]<\/p>\n","protected":false},"author":1630,"featured_media":9994,"comment_status":"closed","ping_status":"closed","sticky":false,"template":"","format":"standard","meta":{"_acf_changed":false,"_eb_attr":"","_uag_custom_page_level_css":"","footnotes":""},"categories":[9],"tags":[],"class_list":["post-16475","post","type-post","status-publish","format-standard","has-post-thumbnail","hentry","category-communique"],"acf":[],"uagb_featured_image_src":{"full":["https:\/\/renewablesassociation.ca\/wp-content\/uploads\/2021\/12\/hero_illustration_img-1-1.png",1617,678,false],"thumbnail":["https:\/\/renewablesassociation.ca\/wp-content\/uploads\/2021\/12\/hero_illustration_img-1-1-150x150.png",150,150,true],"medium":["https:\/\/renewablesassociation.ca\/wp-content\/uploads\/2021\/12\/hero_illustration_img-1-1-300x126.png",300,126,true],"medium_large":["https:\/\/renewablesassociation.ca\/wp-content\/uploads\/2021\/12\/hero_illustration_img-1-1-768x322.png",768,322,true],"large":["https:\/\/renewablesassociation.ca\/wp-content\/uploads\/2021\/12\/hero_illustration_img-1-1-1024x429.png",1024,429,true],"1536x1536":["https:\/\/renewablesassociation.ca\/wp-content\/uploads\/2021\/12\/hero_illustration_img-1-1-1536x644.png",1536,644,true],"2048x2048":["https:\/\/renewablesassociation.ca\/wp-content\/uploads\/2021\/12\/hero_illustration_img-1-1.png",1617,678,false],"alm-thumbnail":["https:\/\/renewablesassociation.ca\/wp-content\/uploads\/2021\/12\/hero_illustration_img-1-1.png",150,63,false],"alm-cta":["https:\/\/renewablesassociation.ca\/wp-content\/uploads\/2021\/12\/hero_illustration_img-1-1.png",800,335,false],"alm-gallery":["https:\/\/renewablesassociation.ca\/wp-content\/uploads\/2021\/12\/hero_illustration_img-1-1.png",800,335,false],"news-img-2x":["https:\/\/renewablesassociation.ca\/wp-content\/uploads\/2021\/12\/hero_illustration_img-1-1-1380x678.png",1380,678,true],"news-img":["https:\/\/renewablesassociation.ca\/wp-content\/uploads\/2021\/12\/hero_illustration_img-1-1-690x515.png",690,515,true],"gform-image-choice-sm":["https:\/\/renewablesassociation.ca\/wp-content\/uploads\/2021\/12\/hero_illustration_img-1-1.png",300,126,false],"gform-image-choice-md":["https:\/\/renewablesassociation.ca\/wp-content\/uploads\/2021\/12\/hero_illustration_img-1-1.png",400,168,false],"gform-image-choice-lg":["https:\/\/renewablesassociation.ca\/wp-content\/uploads\/2021\/12\/hero_illustration_img-1-1.png",600,252,false]},"uagb_author_info":{"display_name":"Judy Mitri","author_link":"https:\/\/renewablesassociation.ca\/fr\/author\/c5b476ad-aca6-4fa9-a7a5-db06884587b1\/"},"uagb_comment_info":0,"uagb_excerpt":"CanREA est ravi d&rsquo;annoncer que Evan Wilson a &eacute;t&eacute; promu vice-pr&eacute;sident des affaires politiques, Ouest canadien et affaires nationales. Son nouveau mandat entre en vigueur d&egrave;s le 12juin 2023. [&hellip;]","_links":{"self":[{"href":"https:\/\/renewablesassociation.ca\/fr\/wp-json\/wp\/v2\/posts\/16475","targetHints":{"allow":["GET"]}}],"collection":[{"href":"https:\/\/renewablesassociation.ca\/fr\/wp-json\/wp\/v2\/posts"}],"about":[{"href":"https:\/\/renewablesassociation.ca\/fr\/wp-json\/wp\/v2\/types\/post"}],"author":[{"embeddable":true,"href":"https:\/\/renewablesassociation.ca\/fr\/wp-json\/wp\/v2\/users\/1630"}],"replies":[{"embeddable":true,"href":"https:\/\/renewablesassociation.ca\/fr\/wp-json\/wp\/v2\/comments?post=16475"}],"version-history":[{"count":4,"href":"https:\/\/renewablesassociation.ca\/fr\/wp-json\/wp\/v2\/posts\/16475\/revisions"}],"predecessor-version":[{"id":16479,"href":"https:\/\/renewablesassociation.ca\/fr\/wp-json\/wp\/v2\/posts\/16475\/revisions\/16479"}],"wp:featuredmedia":[{"embeddable":true,"href":"https:\/\/renewablesassociation.ca\/fr\/wp-json\/wp\/v2\/media\/9994"}],"wp:attachment":[{"href":"https:\/\/renewablesassociation.ca\/fr\/wp-json\/wp\/v2\/media?parent=16475"}],"wp:term":[{"taxonomy":"category","embeddable":true,"href":"https:\/\/renewablesassociation.ca\/fr\/wp-json\/wp\/v2\/categories?post=16475"},{"taxonomy":"post_tag","embeddable":true,"href":"https:\/\/renewablesassociation.ca\/fr\/wp-json\/wp\/v2\/tags?post=16475"}],"curies":[{"name":"wp","href":"https:\/\/api.w.org\/{rel}","templated":true}]}}