{"id":1495,"date":"2020-04-02T02:17:34","date_gmt":"2020-04-02T02:17:34","guid":{"rendered":"https:\/\/renewablesassociation.ca\/?p=1495"},"modified":"2020-06-26T10:02:33","modified_gmt":"2020-06-26T14:02:33","slug":"les-acteurs-de-lenergie-renouvelable-au-quebec-saluent-larrivee-de-sophie-brochu","status":"publish","type":"post","link":"https:\/\/renewablesassociation.ca\/fr\/les-acteurs-de-lenergie-renouvelable-au-quebec-saluent-larrivee-de-sophie-brochu\/","title":{"rendered":"Les acteurs de l\u2019\u00e9nergie renouvelable au Qu\u00e9bec saluent l\u2019arriv\u00e9e de Sophie Brochu"},"content":{"rendered":"\n<h2 class=\"wp-block-heading\"><strong>L\u2019industrie r\u00e9solue \u00e0 consolider et approfondir sa collaboration avec Hydro-Qu\u00e9bec<\/strong><\/h2>\n\n\n\n<p><strong>Montr\u00e9al (Qu\u00e9bec), le 2 avril 2020<\/strong> \u2013 Les membres de l\u2019Association canadienne de l\u2019\u00e9nergie \u00e9olienne (CanWEA) tiennent \u00e0 f\u00e9liciter Mme Sophie Brochu pour sa nomination \u00e0 titre de pr\u00e9sidente-directrice g\u00e9n\u00e9rale d\u2019Hydro-Qu\u00e9bec. Gestionnaire aguerrie ayant dirig\u00e9 la transformation d\u2019un acteur d\u2019importance au Qu\u00e9bec dans l\u2019industrie \u00e9olienne et solaire, Mme Brochu am\u00e8nera \u00e0 la t\u00eate de la soci\u00e9t\u00e9 d\u2019\u00c9tat une exp\u00e9rience exhaustive dans le domaine de l\u2019\u00e9nergie, tant au Qu\u00e9bec que dans les march\u00e9s avoisinants.<\/p>\n\n\n\n<p>\u00ab Les prochaines \u00e9tapes de la transition \u00e9nerg\u00e9tique au Qu\u00e9bec requerront une collaboration accrue des diff\u00e9rents acteurs de l\u2019\u00e9nergie renouvelable au Qu\u00e9bec \u00bb a d\u00e9clar\u00e9 Jean-Fran\u00e7ois Nolet, vice-pr\u00e9sident de CanWEA. \u00ab L\u2019arriv\u00e9e de Mme Brochu envoie un signal positif pour les membres de l\u2019industrie qu\u00e9b\u00e9coise des \u00e9nergies renouvelables qui comptent sur Hydro-Qu\u00e9bec pour faciliter le d\u00e9ploiement de solutions innovantes et ainsi accro\u00eetre la compl\u00e9mentarit\u00e9 entre l\u2019hydro\u00e9lectricit\u00e9 et les autres fili\u00e8res \u00bb.<\/p>\n\n\n\n<p>La majorit\u00e9 des entreprises qui composent la fili\u00e8re \u00e9olienne au Qu\u00e9bec sont actives dans d\u2019autres secteurs des \u00e9nergies renouvelables et dans d\u2019autres march\u00e9s \u00e0 l\u2019ext\u00e9rieur du Qu\u00e9bec. Mme Brochu et Hydro-Qu\u00e9bec pourront compter sur toute leur collaboration pour maximiser les occasions d\u2019\u00e9lectrification, de substitution \u00e9nerg\u00e9tique et d\u2019exportations d\u2019\u00e9lectricit\u00e9.<\/p>\n\n\n\n<p>\u00ab Ces objectifs \u00e9taient clairement exprim\u00e9s par le gouvernement du Qu\u00e9bec dans son dernier budget et se retrouveront sans doute au c\u0153ur des efforts de relance \u00e9conomique une fois que le contexte le permettra. Les membres de l\u2019industrie sont impatients de travailler avec Mme Brochu \u00e0 l\u2019atteinte de ceux-ci \u00bb a conclu M. Nolet.<\/p>\n","protected":false},"excerpt":{"rendered":"<p>&ndash; Les membres de l&rsquo;Association canadienne de l&rsquo;&eacute;nergie &eacute;olienne (CanWEA) tiennent &agrave; f&eacute;liciter Mme Sophie Brochu pour sa nomination &agrave; titre de pr&eacute;sidente-directrice g&eacute;n&eacute;rale d&rsquo;Hydro-Qu&eacute;bec. Gestionnaire aguerrie ayant dirig&eacute; la transformation d&rsquo;un acteur d&rsquo;importance au Qu&eacute;bec dans l&rsquo;industrie &eacute;olienne et solaire, Mme Brochu am&egrave;nera &agrave; la t&ecirc;te de la soci&eacute;t&eacute; d&rsquo;&Eacute;tat une exp&eacute;rience exhaustive dans [&hellip;]<\/p>\n","protected":false},"author":3,"featured_media":1512,"comment_status":"closed","ping_status":"closed","sticky":false,"template":"","format":"standard","meta":{"_acf_changed":false,"_eb_attr":"","_uag_custom_page_level_css":"","footnotes":""},"categories":[9],"tags":[],"class_list":["post-1495","post","type-post","status-publish","format-standard","has-post-thumbnail","hentry","category-communique"],"acf":[],"uagb_featured_image_src":{"full":["https:\/\/renewablesassociation.ca\/wp-content\/uploads\/2020\/04\/hero-quebec-turbines.jpg",1380,1030,false],"thumbnail":["https:\/\/renewablesassociation.ca\/wp-content\/uploads\/2020\/04\/hero-quebec-turbines-150x150.jpg",150,150,true],"medium":["https:\/\/renewablesassociation.ca\/wp-content\/uploads\/2020\/04\/hero-quebec-turbines-300x224.jpg",300,224,true],"medium_large":["https:\/\/renewablesassociation.ca\/wp-content\/uploads\/2020\/04\/hero-quebec-turbines-768x573.jpg",768,573,true],"large":["https:\/\/renewablesassociation.ca\/wp-content\/uploads\/2020\/04\/hero-quebec-turbines-1024x764.jpg",1024,764,true],"1536x1536":["https:\/\/renewablesassociation.ca\/wp-content\/uploads\/2020\/04\/hero-quebec-turbines.jpg",1380,1030,false],"2048x2048":["https:\/\/renewablesassociation.ca\/wp-content\/uploads\/2020\/04\/hero-quebec-turbines.jpg",1380,1030,false],"alm-thumbnail":["https:\/\/renewablesassociation.ca\/wp-content\/uploads\/2020\/04\/hero-quebec-turbines.jpg",150,112,false],"alm-cta":["https:\/\/renewablesassociation.ca\/wp-content\/uploads\/2020\/04\/hero-quebec-turbines.jpg",603,450,false],"alm-gallery":["https:\/\/renewablesassociation.ca\/wp-content\/uploads\/2020\/04\/hero-quebec-turbines.jpg",800,597,false],"news-img-2x":["https:\/\/renewablesassociation.ca\/wp-content\/uploads\/2020\/04\/hero-quebec-turbines.jpg",1380,1030,false],"news-img":["https:\/\/renewablesassociation.ca\/wp-content\/uploads\/2020\/04\/hero-quebec-turbines.jpg",690,515,false],"gform-image-choice-sm":["https:\/\/renewablesassociation.ca\/wp-content\/uploads\/2020\/04\/hero-quebec-turbines.jpg",300,224,false],"gform-image-choice-md":["https:\/\/renewablesassociation.ca\/wp-content\/uploads\/2020\/04\/hero-quebec-turbines.jpg",400,299,false],"gform-image-choice-lg":["https:\/\/renewablesassociation.ca\/wp-content\/uploads\/2020\/04\/hero-quebec-turbines.jpg",600,448,false]},"uagb_author_info":{"display_name":"Lejla Latifovic","author_link":"https:\/\/renewablesassociation.ca\/fr\/author\/lejla\/"},"uagb_comment_info":0,"uagb_excerpt":"&ndash; Les membres de l&rsquo;Association canadienne de l&rsquo;&eacute;nergie &eacute;olienne (CanWEA) tiennent &agrave; f&eacute;liciter Mme Sophie Brochu pour sa nomination &agrave; titre de pr&eacute;sidente-directrice g&eacute;n&eacute;rale d&rsquo;Hydro-Qu&eacute;bec. Gestionnaire aguerrie ayant dirig&eacute; la transformation d&rsquo;un acteur d&rsquo;importance au Qu&eacute;bec dans l&rsquo;industrie &eacute;olienne et solaire, Mme Brochu am&egrave;nera &agrave; la t&ecirc;te de la soci&eacute;t&eacute; d&rsquo;&Eacute;tat une exp&eacute;rience exhaustive dans\u2026","_links":{"self":[{"href":"https:\/\/renewablesassociation.ca\/fr\/wp-json\/wp\/v2\/posts\/1495","targetHints":{"allow":["GET"]}}],"collection":[{"href":"https:\/\/renewablesassociation.ca\/fr\/wp-json\/wp\/v2\/posts"}],"about":[{"href":"https:\/\/renewablesassociation.ca\/fr\/wp-json\/wp\/v2\/types\/post"}],"author":[{"embeddable":true,"href":"https:\/\/renewablesassociation.ca\/fr\/wp-json\/wp\/v2\/users\/3"}],"replies":[{"embeddable":true,"href":"https:\/\/renewablesassociation.ca\/fr\/wp-json\/wp\/v2\/comments?post=1495"}],"version-history":[{"count":2,"href":"https:\/\/renewablesassociation.ca\/fr\/wp-json\/wp\/v2\/posts\/1495\/revisions"}],"predecessor-version":[{"id":2484,"href":"https:\/\/renewablesassociation.ca\/fr\/wp-json\/wp\/v2\/posts\/1495\/revisions\/2484"}],"wp:featuredmedia":[{"embeddable":true,"href":"https:\/\/renewablesassociation.ca\/fr\/wp-json\/wp\/v2\/media\/1512"}],"wp:attachment":[{"href":"https:\/\/renewablesassociation.ca\/fr\/wp-json\/wp\/v2\/media?parent=1495"}],"wp:term":[{"taxonomy":"category","embeddable":true,"href":"https:\/\/renewablesassociation.ca\/fr\/wp-json\/wp\/v2\/categories?post=1495"},{"taxonomy":"post_tag","embeddable":true,"href":"https:\/\/renewablesassociation.ca\/fr\/wp-json\/wp\/v2\/tags?post=1495"}],"curies":[{"name":"wp","href":"https:\/\/api.w.org\/{rel}","templated":true}]}}