{"id":14540,"date":"2023-02-14T17:27:36","date_gmt":"2023-02-14T21:27:36","guid":{"rendered":"https:\/\/renewablesassociation.ca\/?p=14540"},"modified":"2023-02-14T17:29:06","modified_gmt":"2023-02-14T21:29:06","slug":"faq-avec-terri-lee-oleniuk-membre-du-conseil-dadministration-de-canrea","status":"publish","type":"post","link":"https:\/\/renewablesassociation.ca\/fr\/faq-avec-terri-lee-oleniuk-membre-du-conseil-dadministration-de-canrea\/","title":{"rendered":"FAQ avec Terri-Lee Oleniuk, membre du conseil d\u2019administration de CanREA"},"content":{"rendered":"\n<h2 class=\"wp-block-heading\">\u00ab&nbsp;\u00c0 la rencontre du conseil d\u2019administration de CanREA&nbsp;\u00bb est une s\u00e9rie d\u2019entrevues avec les membres chevronn\u00e9s aux horizons diversifi\u00e9s qui composent le conseil d\u2019administration de CanREA.<\/h2>\n\n\n\n<blockquote class=\"wp-block-quote is-layout-flow wp-block-quote-is-layout-flow\">\n<p><em><strong>Terri-Lee Oleniuk<\/strong> est membre du conseil d\u2019administration de CanREA et si\u00e8ge au comit\u00e9 de la gouvernance et des ressources humaines. Elle est partenaire chez Blake, Cassels &amp; Graydon S.E.N.C.R.L. et chapeaute leur groupe des services consultatifs en mati\u00e8re de r\u00e9glementation \u00e0 Calgary, en Alberta. Elle est continuellement reconnue comme une avocate de premier plan dans de nombreuses publications, comme Chambers Global, Chambers Canada, Lexpert, The Legal&nbsp;500 Canada, et Best Lawyers in Canada. En&nbsp;2016, Terri-Lee a \u00e9t\u00e9 nomm\u00e9e Lexpert Rising Star: Leading Lawyers under 40(\u00e9toiles montantes de&nbsp;Lexpert&nbsp;\u2013 avocats de premier plan de moins de 40&nbsp;ans).<\/em><\/p>\n<\/blockquote>\n\n\n\n<p><em><strong>CanREA a \u00e9chang\u00e9 avec Terri-Lee Oleniuk en f\u00e9vrier&nbsp;2023 pour savoir ce qui la pousse \u00e0 donner de son temps au conseil d\u2019administration de CanREA.<\/strong><\/em><\/p>\n\n\n\n<h3 class=\"wp-block-heading\">Q. Pourquoi avez-vous choisi le domaine de l\u2019\u00e9nergie renouvelable?<\/h3>\n\n\n\n<p>\u00c0 mesure que le Canada avance vers la carboneutralit\u00e9, beaucoup d\u2019occasions d\u2019aider les clients \u00e0 participer \u00e0 la transition \u00e9nerg\u00e9tique s\u2019offrent \u00e0 nous. Les politiques r\u00e9glementaires et \u00e9conomiques en mati\u00e8re d\u2019\u00e9nergie renouvelable continuent d\u2019\u00e9voluer, et la loi change rapidement pour suivre le rythme du d\u00e9veloppement. Cela n\u00e9cessite une approche agile et cr\u00e9ative dans le travail avec les entreprises \u2013 y compris les promoteurs, les investisseurs et les acheteurs \u2013 pour relever les d\u00e9fis associ\u00e9s \u00e0 la transition vers la carboneutralit\u00e9.<\/p>\n\n\n\n<h3 class=\"wp-block-heading\">Q. Depuis combien de temps travaillez-vous dans le secteur?<\/h3>\n\n\n\n<p>Je travaille avec des clients du secteur de l\u2019\u00e9nergie renouvelable depuis plus de dix ans. J\u2019ai assist\u00e9 des clients devant divers tribunaux et autorit\u00e9s de r\u00e9glementation pour r\u00e9ussir \u00e0 obtenir des permis de projets li\u00e9s \u00e0 l\u2019\u00e9olien, au solaire et au stockage et transport d\u2019\u00e9nergie, y compris la plus grande centrale \u00e9olienne et solaire propos\u00e9e au Canada.<\/p>\n\n\n\n<h3 class=\"wp-block-heading\">Q. Qu\u2019est-ce qui vous passionne dans l\u2019\u00e9nergie renouvelable au Canada?<\/h3>\n\n\n\n<p>Le secteur de l\u2019\u00e9nergie renouvelable est le secteur \u00e9nerg\u00e9tique qui conna\u00eet la plus forte croissance au pays, et il est crucial que l\u2019\u00e9olien, le solaire et le stockage d\u2019\u00e9nergie jouent un r\u00f4le central dans la transformation du portefeuille \u00e9nerg\u00e9tique. Nous en sommes \u00e0 un point critique dans la transition \u00e9nerg\u00e9tique avec de nouvelles lois, de nouvelles politiques et technologies, qui participent \u00e0 cette transformation pour le bien de tous les Canadiens. Il n\u2019y a pas de meilleur moment pour travailler dans le secteur de l\u2019\u00e9nergie renouvelable.<\/p>\n\n\n\n<h3 class=\"wp-block-heading\">Q. Pourquoi avoir d\u00e9cid\u00e9 de si\u00e9ger au CA de CanREA?<\/h3>\n\n\n\n<p>J\u2019ai d\u00e9cid\u00e9 de si\u00e9ger au conseil d\u2019administration parce que je voulais contribuer, \u00e0 l\u2019\u00e9chelle nationale, \u00e0 la r\u00e9ussite de l\u2019\u00e9laboration de projets \u00e9oliens, solaires et de stockage d\u2019\u00e9nergie. Mon expertise et mon exp\u00e9rience en droit me permettent d\u2019offrir des conseils judicieux \u00e0 CanREA, en ce qui concerne les d\u00e9fis et les occasions \u00e0 venir dans le secteur des \u00e9nergies renouvelables, et la mani\u00e8re de d\u00e9m\u00ealer des questions juridiques et politiques complexes.<\/p>\n\n\n\n<blockquote class=\"wp-block-quote is-layout-flow wp-block-quote-is-layout-flow\">\n<p><em>\u00ab&nbsp;\u00c0 la rencontre du conseil d\u2019administration de CanREA&nbsp;\u00bb est une s\u00e9rie d\u2019entrevues avec les membres chevronn\u00e9s aux horizons diversifi\u00e9s qui composent le conseil d\u2019administration de CanREA. <\/em><a href=\"https:\/\/renewablesassociation.ca\/fr\/?page_id=13942\" target=\"_blank\" rel=\"noreferrer noopener\"><em>Lisez d\u2019autres profils de membres du conseil d\u2019administration sur notre site Web<\/em>.<\/a><\/p>\n<\/blockquote>\n\n\n\n<p class=\"has-text-align-center\"><em>-30-<\/em><\/p>\n","protected":false},"excerpt":{"rendered":"<p>est membre du conseil d&rsquo;administration de CanREA et si&egrave;ge au comit&eacute; de la gouvernance et des ressources humaines. Elle est partenaire chez Blake, Cassels &amp; Graydon S.E.N.C.R.L. et chapeaute leur groupe des services consultatifs en mati&egrave;re de r&eacute;glementation &agrave; Calgary, en Alberta. Elle est continuellement reconnue comme une avocate de premier plan dans de nombreuses [&hellip;]<\/p>\n","protected":false},"author":1630,"featured_media":14542,"comment_status":"closed","ping_status":"closed","sticky":false,"template":"","format":"standard","meta":{"_acf_changed":false,"_eb_attr":"","_uag_custom_page_level_css":"","footnotes":""},"categories":[194],"tags":[],"class_list":["post-14540","post","type-post","status-publish","format-standard","has-post-thumbnail","hentry","category-profils"],"acf":[],"uagb_featured_image_src":{"full":["https:\/\/renewablesassociation.ca\/wp-content\/uploads\/2023\/02\/Terri-Lee-Oleniuk-FR.png",1200,627,false],"thumbnail":["https:\/\/renewablesassociation.ca\/wp-content\/uploads\/2023\/02\/Terri-Lee-Oleniuk-FR-150x150.png",150,150,true],"medium":["https:\/\/renewablesassociation.ca\/wp-content\/uploads\/2023\/02\/Terri-Lee-Oleniuk-FR-300x157.png",300,157,true],"medium_large":["https:\/\/renewablesassociation.ca\/wp-content\/uploads\/2023\/02\/Terri-Lee-Oleniuk-FR-768x401.png",768,401,true],"large":["https:\/\/renewablesassociation.ca\/wp-content\/uploads\/2023\/02\/Terri-Lee-Oleniuk-FR-1024x535.png",1024,535,true],"1536x1536":["https:\/\/renewablesassociation.ca\/wp-content\/uploads\/2023\/02\/Terri-Lee-Oleniuk-FR.png",1200,627,false],"2048x2048":["https:\/\/renewablesassociation.ca\/wp-content\/uploads\/2023\/02\/Terri-Lee-Oleniuk-FR.png",1200,627,false],"alm-thumbnail":["https:\/\/renewablesassociation.ca\/wp-content\/uploads\/2023\/02\/Terri-Lee-Oleniuk-FR-150x150.png",150,150,true],"alm-cta":["https:\/\/renewablesassociation.ca\/wp-content\/uploads\/2023\/02\/Terri-Lee-Oleniuk-FR-800x450.png",800,450,true],"alm-gallery":["https:\/\/renewablesassociation.ca\/wp-content\/uploads\/2023\/02\/Terri-Lee-Oleniuk-FR-800x600.png",800,600,true],"news-img-2x":["https:\/\/renewablesassociation.ca\/wp-content\/uploads\/2023\/02\/Terri-Lee-Oleniuk-FR.png",1200,627,false],"news-img":["https:\/\/renewablesassociation.ca\/wp-content\/uploads\/2023\/02\/Terri-Lee-Oleniuk-FR-690x515.png",690,515,true],"gform-image-choice-sm":["https:\/\/renewablesassociation.ca\/wp-content\/uploads\/2023\/02\/Terri-Lee-Oleniuk-FR.png",300,157,false],"gform-image-choice-md":["https:\/\/renewablesassociation.ca\/wp-content\/uploads\/2023\/02\/Terri-Lee-Oleniuk-FR.png",400,209,false],"gform-image-choice-lg":["https:\/\/renewablesassociation.ca\/wp-content\/uploads\/2023\/02\/Terri-Lee-Oleniuk-FR.png",600,314,false]},"uagb_author_info":{"display_name":"Judy Mitri","author_link":"https:\/\/renewablesassociation.ca\/fr\/author\/c5b476ad-aca6-4fa9-a7a5-db06884587b1\/"},"uagb_comment_info":0,"uagb_excerpt":"est membre du conseil d&rsquo;administration de CanREA et si&egrave;ge au comit&eacute; de la gouvernance et des ressources humaines. Elle est partenaire chez Blake, Cassels &amp; Graydon S.E.N.C.R.L. et chapeaute leur groupe des services consultatifs en mati&egrave;re de r&eacute;glementation &agrave; Calgary, en Alberta. Elle est continuellement reconnue comme une avocate de premier plan dans de nombreuses\u2026","_links":{"self":[{"href":"https:\/\/renewablesassociation.ca\/fr\/wp-json\/wp\/v2\/posts\/14540","targetHints":{"allow":["GET"]}}],"collection":[{"href":"https:\/\/renewablesassociation.ca\/fr\/wp-json\/wp\/v2\/posts"}],"about":[{"href":"https:\/\/renewablesassociation.ca\/fr\/wp-json\/wp\/v2\/types\/post"}],"author":[{"embeddable":true,"href":"https:\/\/renewablesassociation.ca\/fr\/wp-json\/wp\/v2\/users\/1630"}],"replies":[{"embeddable":true,"href":"https:\/\/renewablesassociation.ca\/fr\/wp-json\/wp\/v2\/comments?post=14540"}],"version-history":[{"count":3,"href":"https:\/\/renewablesassociation.ca\/fr\/wp-json\/wp\/v2\/posts\/14540\/revisions"}],"predecessor-version":[{"id":14546,"href":"https:\/\/renewablesassociation.ca\/fr\/wp-json\/wp\/v2\/posts\/14540\/revisions\/14546"}],"wp:featuredmedia":[{"embeddable":true,"href":"https:\/\/renewablesassociation.ca\/fr\/wp-json\/wp\/v2\/media\/14542"}],"wp:attachment":[{"href":"https:\/\/renewablesassociation.ca\/fr\/wp-json\/wp\/v2\/media?parent=14540"}],"wp:term":[{"taxonomy":"category","embeddable":true,"href":"https:\/\/renewablesassociation.ca\/fr\/wp-json\/wp\/v2\/categories?post=14540"},{"taxonomy":"post_tag","embeddable":true,"href":"https:\/\/renewablesassociation.ca\/fr\/wp-json\/wp\/v2\/tags?post=14540"}],"curies":[{"name":"wp","href":"https:\/\/api.w.org\/{rel}","templated":true}]}}