{"id":1298,"date":"2020-05-13T18:04:00","date_gmt":"2020-05-13T18:04:00","guid":{"rendered":"https:\/\/renewablesassociation.ca\/?p=1298"},"modified":"2020-06-26T10:02:17","modified_gmt":"2020-06-26T14:02:17","slug":"des-entreprises-de-partout-au-canada-unies-dans-leur-vision-pour-une-relance-resiliente","status":"publish","type":"post","link":"https:\/\/renewablesassociation.ca\/fr\/des-entreprises-de-partout-au-canada-unies-dans-leur-vision-pour-une-relance-resiliente\/","title":{"rendered":"Des entreprises de partout au Canada unies dans leur vision pour une relance r\u00e9siliente"},"content":{"rendered":"\n<p>13 mai, 2020<\/p>\n\n\n\n<p>Canada \u2013 La COVID-19 a perturb\u00e9 notre mode de vie et l\u2019aide imm\u00e9diate a \u00e9t\u00e9 la priorit\u00e9 des gouvernements. Mais de quoi aura l\u2019air la relance? Et comment pouvons-nous nous assurer que les mesures de relance ne soient pas que pr\u00eates \u00e0 b\u00e2tir, mais aussi dignes de b\u00e2tir?<\/p>\n\n\n\n<p>Une nouvelle lettre publique demandant aux gouvernements du Canada de proc\u00e9der \u00e0 une \u201crelance r\u00e9siliente\u201d a attir\u00e9 les signatures d\u2019entreprises et d\u2019associations industrielles de partout au Canada. En date de mardi, plus de 200 signataires repr\u00e9sentant plus de 2 000 entreprises canadiennes se sont joints \u00e0 la campagne demandant aux gouvernements f\u00e9d\u00e9ral et des provinces de s\u2019engager dans un plan de relance en 3 parties qui :<\/p>\n\n\n\n<ul class=\"wp-block-list\"><li>Investira dans les \u00e9nergies et les technologies propres ainsi que la production locale et l\u2019exportation de produits \u00e0 basse teneur ou \u00e0 \u00e9mission nulle en carbone<\/li><li>Agira rapidement pour soutenir les entreprises et les solutions en \u00e9nergies et en technologies propres en acc\u00e9l\u00e9rant et \u00e9largissant les initiatives et programmes existants, et<\/li><li>Donnera un signal clair que le Canada continuera et d\u00e9veloppera ses politiques climatiques et environnementales.<br><\/li><\/ul>\n\n\n\n<p>La lettre met aussi l\u2019emphase sur l\u2019\u00e9quit\u00e9 r\u00e9gionale ainsi que la formation et reformation pour les Canadiens dont les emplois pass\u00e9s ne reviendront peut-\u00eatre plus dans des programmes qui peuvent et devraient \u00eatre d\u00e9marr\u00e9s pendant les travailleurs mis \u00e0 pied sont confin\u00e9s \u00e0 la maison.<\/p>\n\n\n\n<p>Ultimement, les signataires affirment que les plan de relance des gouvernements peuvent faire plus que de cr\u00e9er des emplois; ils sont aussi une opportunit\u00e9 d\u2019encourager la diversification et l\u2019innovation de notre \u00e9conomie, de couper les \u00e9missions polluantes et de GES et de faire du Canada un pays plus r\u00e9silient.<\/p>\n\n\n\n<p>Visitez&nbsp;<a href=\"https:\/\/www.resilientrecovery.ca\/fr\" target=\"_blank\" rel=\"noreferrer noopener\">www.resilientrecovery.ca\/fr<\/a>&nbsp;pour en savoir plus.<\/p>\n\n\n\n<h3 class=\"wp-block-heading\">Faits importants<\/h3>\n\n\n\n<ul class=\"wp-block-list\"><li>Les signataires de cette lettre incluent Clean Energy Canada, L\u2019Association canadienne de l\u2019\u00e9nergie \u00e9olienne, the Canadian Solar Industries Association, MaRS, Innergex \u00e9nergie renouvelable, Ballard, Canada Cleantech, Efficiency Canada, Advanced Biofuels Canada, Mobilit\u00e9 \u00c9lectrique Canada, Waterpower Canada, Energy Storage Canada, the Toronto Atmospheric Fund, the Vancouver Economic Commission, ChargePoint, Corvus Energy, La Compagnie \u00c9lectrique Lion, Carbon Engineering, Stantec, Enercon, ecobee et plusieurs autres. Pour voir la liste compl\u00e8te des signataires, allez \u00e0&nbsp;<a href=\"https:\/\/www.resilientrecovery.ca\/fr\" target=\"_blank\" rel=\"noreferrer noopener\">www.resilientrecovery.ca\/fr<\/a>.<\/li><li>Le secteur des \u00e9nergies propres emploie 298 000 canadiens dans une vaste gamme d\u2019emplois : isoler des maisons, d\u00e9velopper des technologies propres, fabriquer des v\u00e9hicules \u00e9lectriques et des infrastructures de recharge, b\u00e2tir et entretenir des projets \u00e9oliens, solaires et hydro\u00e9lectriques, produire des biocarburants, etc.<\/li><li>L\u2019action contre le climat soutient la comp\u00e9titivit\u00e9 et les nouvelles opportunit\u00e9s dans d\u2019autres secteurs de l\u2019\u00e9conomie. Ceci inclut le b\u00e9ton, l\u2019acier et l\u2019aluminium \u00e0 faible teneur en carbone, le secteur automobile, la foresterie et l\u2019agriculture durable sans oublier le secteur minier qui proc\u00e8de \u00e0 l\u2019extraction de m\u00e9taux et minerais de mani\u00e8re responsable.<\/li><li>Une \u00e9tude r\u00e9cente d\u2019\u00e9conomistes des \u00c9tats-Unis et de la Grande-Bretagne a d\u00e9montr\u00e9 qu\u2019une relance propre \u201ccr\u00e9erait plus d\u2019emplois, apporterait plus de dividendes \u00e0 court terme pour chaque dollar investi et ferait sauver de l\u2019argent \u00e0 long terme comparativement \u00e0 un plan de relance traditionnel.\u201d<\/li><li>Apr\u00e8s la crise financi\u00e8re de 2008, le plan de relance dans les \u00e9nergies propres du Pr\u00e9sident Obama ont soutenu 900 000 emplois-ann\u00e9es entre 2009 et 2015.<\/li><\/ul>\n\n\n\n<h3 class=\"wp-block-heading\">Citations&nbsp;<\/h3>\n\n\n\n<p>\u201cPlusieurs pays de la plan\u00e8te, l\u2019UE, l\u2019Agence Internationale de l\u2019\u00c9nergie, le Fonds Mon\u00e9taire International: qu\u2019ont-ils tous en commun? Il appuient tous des plans de relance propres qui soutiennent, plut\u00f4t que de nuire, nos efforts de lutte aux changements climatiques. L\u2019id\u00e9e d\u2019une relance r\u00e9siliente est maintenant g\u00e9n\u00e9ralement accept\u00e9e. C\u2019est de la bonne gestion et ce sera la fa\u00e7on pour le Canada de demeurer comp\u00e9titif.\u201d<\/p>\n\n\n\n<p>\u2014Merran Smith, Directrice ex\u00e9cutive,&nbsp;<strong>Clean Energy Canada<\/strong><\/p>\n\n\n\n<p>\u201cOn retrouve des entreprises en \u00e9nergies et transports propres partout au Canada qui ont contribu\u00e9 \u00e0 cr\u00e9er pr\u00e8s de 300 000 emplois \u00e0 ce jour. Or, il est pr\u00e9vu que ce nombre doublera presque d\u2019ici 2030 avec une croissance du PIB plus de deux fois plus rapide que l\u2019\u00e9conomie canadienne dans son ensemble. C\u2019est pourquoi nous sommes convaincus que le plan de relance r\u00e9siliente que nous proposons sera b\u00e9n\u00e9fique non seulement pour l\u2019environnement, mais aussi pour l\u2019avenir des emplois de qualit\u00e9 partout au pays.\u201d<\/p>\n\n\n\n<p>\u2014Daniel Breton, Pr\u00e9sident et Directeur G\u00e9n\u00e9ral,&nbsp;<strong>Mobilit\u00e9 \u00c9lectrique Canada<\/strong><\/p>\n\n\n\n<p>\u201cLe Canada est l\u2019endroit o\u00f9 l\u2019on retrouve des entreprises innovantes comme Innergex dont la mission est de b\u00e2tir un monde meilleur gr\u00e2ce \u00e0 l\u2019\u00e9nergie renouvelable. \u00c0 la sortie de la crise de la COVID-19, le Canada a l\u2019opportunit\u00e9 de reconstruire le pays de mani\u00e8re \u00e0 faire face au d\u00e9fi climatique. Chez Innergex, nous sommes pr\u00eats \u00e0 collaborer avec les gouvernements et les communaut\u00e9s \u00e0 travers le pays pour b\u00e2tir des projets stimulants qui contribueront \u00e0 relancer l\u2019\u00e9conomie et \u00e0 offrir des emplois de qualit\u00e9 pour des familles gr\u00e2ce \u00e0 des solutions d\u2019infrastructures en \u00e9nergie renouvelables pour une relance \u00e9conomique r\u00e9siliente.\u201d<\/p>\n\n\n\n<p>\u2014Michel Letellier, Pr\u00e9sident et chef de la direction,&nbsp;<strong>Innergex \u00e9nergie renouvelable<\/strong><\/p>\n\n\n\n<p>\u201cSoutenir des entreprises en \u00e9nergies propres ne fera pas que cr\u00e9er des emplois \u00e0 court terme. Cela aidera aussi le Canada \u00e0 atteindre ses objectifs climatiques. Nous devons acc\u00e9l\u00e9rer les investissements dans le d\u00e9veloppement, la production et le d\u00e9ploiement de technologies pour des v\u00e9hicules z\u00e9ro \u00e9mission afin d\u2019\u00eatre carboneutre d\u2019ici 2050.\u201d<\/p>\n\n\n\n<p>\u2014Randy MacEwen, Pr\u00e9sident et directeur g\u00e9n\u00e9ral,&nbsp;<strong>Ballard Power Systems<\/strong><\/p>\n\n\n\n<p>\u2013 30 \u2013<\/p>\n","protected":false},"excerpt":{"rendered":"<p>13 mai, 2020 [&hellip;]<\/p>\n","protected":false},"author":2,"featured_media":1300,"comment_status":"closed","ping_status":"closed","sticky":false,"template":"","format":"standard","meta":{"_acf_changed":false,"_eb_attr":"","_uag_custom_page_level_css":"","footnotes":""},"categories":[9],"tags":[],"class_list":["post-1298","post","type-post","status-publish","format-standard","has-post-thumbnail","hentry","category-communique"],"acf":[],"uagb_featured_image_src":{"full":["https:\/\/renewablesassociation.ca\/wp-content\/uploads\/2020\/05\/nes-release-united-on-vision-for-reilient-recovery-fr.jpg",690,515,false],"thumbnail":["https:\/\/renewablesassociation.ca\/wp-content\/uploads\/2020\/05\/nes-release-united-on-vision-for-reilient-recovery-fr-150x150.jpg",150,150,true],"medium":["https:\/\/renewablesassociation.ca\/wp-content\/uploads\/2020\/05\/nes-release-united-on-vision-for-reilient-recovery-fr-300x224.jpg",300,224,true],"medium_large":["https:\/\/renewablesassociation.ca\/wp-content\/uploads\/2020\/05\/nes-release-united-on-vision-for-reilient-recovery-fr.jpg",690,515,false],"large":["https:\/\/renewablesassociation.ca\/wp-content\/uploads\/2020\/05\/nes-release-united-on-vision-for-reilient-recovery-fr.jpg",690,515,false],"1536x1536":["https:\/\/renewablesassociation.ca\/wp-content\/uploads\/2020\/05\/nes-release-united-on-vision-for-reilient-recovery-fr.jpg",690,515,false],"2048x2048":["https:\/\/renewablesassociation.ca\/wp-content\/uploads\/2020\/05\/nes-release-united-on-vision-for-reilient-recovery-fr.jpg",690,515,false],"alm-thumbnail":["https:\/\/renewablesassociation.ca\/wp-content\/uploads\/2020\/05\/nes-release-united-on-vision-for-reilient-recovery-fr.jpg",150,112,false],"alm-cta":["https:\/\/renewablesassociation.ca\/wp-content\/uploads\/2020\/05\/nes-release-united-on-vision-for-reilient-recovery-fr.jpg",603,450,false],"alm-gallery":["https:\/\/renewablesassociation.ca\/wp-content\/uploads\/2020\/05\/nes-release-united-on-vision-for-reilient-recovery-fr.jpg",690,515,false],"news-img-2x":["https:\/\/renewablesassociation.ca\/wp-content\/uploads\/2020\/05\/nes-release-united-on-vision-for-reilient-recovery-fr.jpg",690,515,false],"news-img":["https:\/\/renewablesassociation.ca\/wp-content\/uploads\/2020\/05\/nes-release-united-on-vision-for-reilient-recovery-fr.jpg",690,515,false],"gform-image-choice-sm":["https:\/\/renewablesassociation.ca\/wp-content\/uploads\/2020\/05\/nes-release-united-on-vision-for-reilient-recovery-fr.jpg",300,224,false],"gform-image-choice-md":["https:\/\/renewablesassociation.ca\/wp-content\/uploads\/2020\/05\/nes-release-united-on-vision-for-reilient-recovery-fr.jpg",400,299,false],"gform-image-choice-lg":["https:\/\/renewablesassociation.ca\/wp-content\/uploads\/2020\/05\/nes-release-united-on-vision-for-reilient-recovery-fr.jpg",600,448,false]},"uagb_author_info":{"display_name":"John Churchill","author_link":"https:\/\/renewablesassociation.ca\/fr\/author\/john\/"},"uagb_comment_info":0,"uagb_excerpt":"13 mai, 2020 [&hellip;]","_links":{"self":[{"href":"https:\/\/renewablesassociation.ca\/fr\/wp-json\/wp\/v2\/posts\/1298","targetHints":{"allow":["GET"]}}],"collection":[{"href":"https:\/\/renewablesassociation.ca\/fr\/wp-json\/wp\/v2\/posts"}],"about":[{"href":"https:\/\/renewablesassociation.ca\/fr\/wp-json\/wp\/v2\/types\/post"}],"author":[{"embeddable":true,"href":"https:\/\/renewablesassociation.ca\/fr\/wp-json\/wp\/v2\/users\/2"}],"replies":[{"embeddable":true,"href":"https:\/\/renewablesassociation.ca\/fr\/wp-json\/wp\/v2\/comments?post=1298"}],"version-history":[{"count":2,"href":"https:\/\/renewablesassociation.ca\/fr\/wp-json\/wp\/v2\/posts\/1298\/revisions"}],"predecessor-version":[{"id":2480,"href":"https:\/\/renewablesassociation.ca\/fr\/wp-json\/wp\/v2\/posts\/1298\/revisions\/2480"}],"wp:featuredmedia":[{"embeddable":true,"href":"https:\/\/renewablesassociation.ca\/fr\/wp-json\/wp\/v2\/media\/1300"}],"wp:attachment":[{"href":"https:\/\/renewablesassociation.ca\/fr\/wp-json\/wp\/v2\/media?parent=1298"}],"wp:term":[{"taxonomy":"category","embeddable":true,"href":"https:\/\/renewablesassociation.ca\/fr\/wp-json\/wp\/v2\/categories?post=1298"},{"taxonomy":"post_tag","embeddable":true,"href":"https:\/\/renewablesassociation.ca\/fr\/wp-json\/wp\/v2\/tags?post=1298"}],"curies":[{"name":"wp","href":"https:\/\/api.w.org\/{rel}","templated":true}]}}