{"id":11851,"date":"2022-06-03T15:26:35","date_gmt":"2022-06-03T19:26:35","guid":{"rendered":"https:\/\/renewablesassociation.ca\/?p=11851"},"modified":"2022-06-07T16:58:10","modified_gmt":"2022-06-07T20:58:10","slug":"canreavision2050-mip-videos","status":"publish","type":"post","link":"https:\/\/renewablesassociation.ca\/fr\/canreavision2050-mip-videos\/","title":{"rendered":"Atteindre la carboneutralit\u00e9 ? Il faudra beaucoup de vent, de solaire et de stockage!"},"content":{"rendered":"\n<h2 class=\"wp-block-heading\"><strong>CanREA lance une s\u00e9rie de vid\u00e9os d\u2019int\u00e9r\u00eat public montrant pourquoi le Canada aura besoin de 10 fois plus d&#8217;\u00e9nergie \u00e9olienne et solaire pour atteindre la carboneutralit\u00e9 d&#8217;ici 2050.<\/strong><\/h2>\n\n\n\n<p>Nous devons d\u00e9cupler notre capacit\u00e9 \u00e9olienne et solaire, soutient l&#8217;Association canadienne de l\u2019\u00e9nergie renouvelable (CanREA), qui a lanc\u00e9 une nouvelle campagne nationale de sensibilisation en juin 2022 sur les r\u00e9seaux sociaux, Youtube&nbsp; et dans le cadre d&#8217;une campagne nationale de sensibilisation sur CBC et Radio-Canada.<\/p>\n\n\n\n<figure class=\"wp-block-video\"><video height=\"1080\" style=\"aspect-ratio: 1920 \/ 1080;\" width=\"1920\" controls src=\"https:\/\/renewablesassociation.ca\/wp-content\/uploads\/2022\/06\/CanREA_Vision2050_15s_FRE-medres.mp4\"><\/video><\/figure>\n\n\n\n<p>Le Canada est en pleine transformation pour atteindre la carboneutralit\u00e9 d\u2019ici 2050. Il est clair que l&#8217;\u00e9nergie \u00e9olienne et solaire, soutenue par le stockage de l&#8217;\u00e9nergie, alimentera une grande partie de ce parcours.<\/p>\n\n\n\n<p>En effet, l&#8217;\u00e9olien et le solaire sont les sources les moins co\u00fbteuses de nouvelle \u00e9lectricit\u00e9 d\u00e9carbon\u00e9e.<\/p>\n\n\n\n<p>\u00ab L&#8217;\u00e9olien et le solaire sont si abordables et abondants que nous pouvons facilement investir dans autant de nouvelles capacit\u00e9s que n\u00e9cessaire pour aider le Canada \u00e0 atteindre la carboneutralit\u00e9 d&#8217;ici 2050 \u00bb, a d\u00e9clar\u00e9 Robert Hornung, pr\u00e9sident et chef de la direction de CanREA.<\/p>\n\n\n\n<p>&nbsp;\u00abLes technologies de stockage d&#8217;\u00e9nergie sont un outil essentiel pour soutenir la fiabilit\u00e9 du futur r\u00e9seau \u00e9lectrique \u00bb, a ajout\u00e9 Hornung, \u00ab alors que nous nous effor\u00e7ons de maximiser la contribution de la production d&#8217;\u00e9nergie \u00e9olienne et solaire \u00e0 faible co\u00fbt.\u00bb<\/p>\n\n\n\n<p>Comme le mentionne Hornung dans les vid\u00e9os de CanREA : Nous devons agir maintenant, et nous devons agir ensemble.<\/p>\n\n\n\n<h3 class=\"wp-block-heading\"><a href=\"https:\/\/renewablesassociation.ca\/fr\/vision-dici-2050\/\" target=\"_blank\" rel=\"noreferrer noopener\">Cliquez ici<\/a> pour en savoir plus sur la Vision 2050 de CanREA. Vous pouvez \u00e9galement t\u00e9l\u00e9charger le document Vision 2050 complet de 61 pages ou une courte brochure facile \u00e0 partager.<\/h3>\n\n\n\n<h2 class=\"wp-block-heading\">Visionnez les vid\u00e9os d&#8217;int\u00e9r\u00eat public de CanREA :<\/h2>\n\n\n\n<p><a href=\"https:\/\/youtu.be\/yH6WVQ1e-ds\" target=\"_blank\" rel=\"noreferrer noopener\"><strong>Visio<\/strong><\/a><strong><a href=\"https:\/\/youtu.be\/yH6WVQ1e-ds\" target=\"_blank\" rel=\"noreferrer noopener\">nnez la vid\u00e9o compl\u00e8te de 2 minutes<\/a>, \u00ab \u00c9lectrifier le parcours du Canada vers la carboneutralit\u00e9 \u00bb, sur la cha\u00eene YouTube de CanREA. <\/strong><\/p>\n\n\n\n<figure class=\"wp-block-embed is-type-video is-provider-youtube wp-block-embed-youtube wp-embed-aspect-16-9 wp-has-aspect-ratio\"><div class=\"wp-block-embed__wrapper\">\n<iframe title=\"\u00c9lectrifier le parcours du Canada vers la carboneutralit\u00e9\" width=\"500\" height=\"281\" src=\"https:\/\/www.youtube.com\/embed\/yH6WVQ1e-ds?feature=oembed\" frameborder=\"0\" allow=\"accelerometer; autoplay; clipboard-write; encrypted-media; gyroscope; picture-in-picture; web-share\" referrerpolicy=\"strict-origin-when-cross-origin\" allowfullscreen loading=\"lazy\"><\/iframe>\n<\/div><\/figure>\n\n\n\n<p><strong>Vous pouvez \u00e9galement visionner <a href=\"https:\/\/www.youtube.com\/watch?v=cF-wjz_QGEw\" target=\"_blank\" rel=\"noreferrer noopener\">le message d\u2019int\u00e9r\u00eat public de 30 secondes <\/a>sur la cha\u00eene YouTube de CanREA.<\/strong><\/p>\n","protected":false},"excerpt":{"rendered":"<p>Nous devons d&eacute;cupler notre capacit&eacute; &eacute;olienne et solaire, soutient l&#8217;Association canadienne de l&rsquo;&eacute;nergie renouvelable (CanREA), qui a lanc&eacute; une nouvelle campagne nationale de sensibilisation en juin 2022 sur les r&eacute;seaux sociaux, Youtube et dans le cadre d&#8217;une campagne nationale de sensibilisation sur CBC et Radio-Canada. [&hellip;]<\/p>\n","protected":false},"author":1630,"featured_media":11840,"comment_status":"closed","ping_status":"closed","sticky":false,"template":"","format":"standard","meta":{"_acf_changed":false,"_eb_attr":"","_uag_custom_page_level_css":"","footnotes":""},"categories":[9],"tags":[],"class_list":["post-11851","post","type-post","status-publish","format-standard","has-post-thumbnail","hentry","category-communique"],"acf":[],"uagb_featured_image_src":{"full":["https:\/\/renewablesassociation.ca\/wp-content\/uploads\/2022\/06\/canrea-big-box-ad-screen-2-photo.jpg",1920,1080,false],"thumbnail":["https:\/\/renewablesassociation.ca\/wp-content\/uploads\/2022\/06\/canrea-big-box-ad-screen-2-photo-150x150.jpg",150,150,true],"medium":["https:\/\/renewablesassociation.ca\/wp-content\/uploads\/2022\/06\/canrea-big-box-ad-screen-2-photo-300x169.jpg",300,169,true],"medium_large":["https:\/\/renewablesassociation.ca\/wp-content\/uploads\/2022\/06\/canrea-big-box-ad-screen-2-photo-768x432.jpg",768,432,true],"large":["https:\/\/renewablesassociation.ca\/wp-content\/uploads\/2022\/06\/canrea-big-box-ad-screen-2-photo-1024x576.jpg",1024,576,true],"1536x1536":["https:\/\/renewablesassociation.ca\/wp-content\/uploads\/2022\/06\/canrea-big-box-ad-screen-2-photo-1536x864.jpg",1536,864,true],"2048x2048":["https:\/\/renewablesassociation.ca\/wp-content\/uploads\/2022\/06\/canrea-big-box-ad-screen-2-photo.jpg",1920,1080,false],"alm-thumbnail":["https:\/\/renewablesassociation.ca\/wp-content\/uploads\/2022\/06\/canrea-big-box-ad-screen-2-photo.jpg",150,84,false],"alm-cta":["https:\/\/renewablesassociation.ca\/wp-content\/uploads\/2022\/06\/canrea-big-box-ad-screen-2-photo.jpg",800,450,false],"alm-gallery":["https:\/\/renewablesassociation.ca\/wp-content\/uploads\/2022\/06\/canrea-big-box-ad-screen-2-photo.jpg",800,450,false],"news-img-2x":["https:\/\/renewablesassociation.ca\/wp-content\/uploads\/2022\/06\/canrea-big-box-ad-screen-2-photo-1380x1030.jpg",1380,1030,true],"news-img":["https:\/\/renewablesassociation.ca\/wp-content\/uploads\/2022\/06\/canrea-big-box-ad-screen-2-photo-690x515.jpg",690,515,true],"gform-image-choice-sm":["https:\/\/renewablesassociation.ca\/wp-content\/uploads\/2022\/06\/canrea-big-box-ad-screen-2-photo.jpg",300,169,false],"gform-image-choice-md":["https:\/\/renewablesassociation.ca\/wp-content\/uploads\/2022\/06\/canrea-big-box-ad-screen-2-photo.jpg",400,225,false],"gform-image-choice-lg":["https:\/\/renewablesassociation.ca\/wp-content\/uploads\/2022\/06\/canrea-big-box-ad-screen-2-photo.jpg",600,338,false]},"uagb_author_info":{"display_name":"Judy Mitri","author_link":"https:\/\/renewablesassociation.ca\/fr\/author\/c5b476ad-aca6-4fa9-a7a5-db06884587b1\/"},"uagb_comment_info":0,"uagb_excerpt":"Nous devons d&eacute;cupler notre capacit&eacute; &eacute;olienne et solaire, soutient l'Association canadienne de l&rsquo;&eacute;nergie renouvelable (CanREA), qui a lanc&eacute; une nouvelle campagne nationale de sensibilisation en juin 2022 sur les r&eacute;seaux sociaux, Youtube et dans le cadre d'une campagne nationale de sensibilisation sur CBC et Radio-Canada. [&hellip;]","_links":{"self":[{"href":"https:\/\/renewablesassociation.ca\/fr\/wp-json\/wp\/v2\/posts\/11851","targetHints":{"allow":["GET"]}}],"collection":[{"href":"https:\/\/renewablesassociation.ca\/fr\/wp-json\/wp\/v2\/posts"}],"about":[{"href":"https:\/\/renewablesassociation.ca\/fr\/wp-json\/wp\/v2\/types\/post"}],"author":[{"embeddable":true,"href":"https:\/\/renewablesassociation.ca\/fr\/wp-json\/wp\/v2\/users\/1630"}],"replies":[{"embeddable":true,"href":"https:\/\/renewablesassociation.ca\/fr\/wp-json\/wp\/v2\/comments?post=11851"}],"version-history":[{"count":19,"href":"https:\/\/renewablesassociation.ca\/fr\/wp-json\/wp\/v2\/posts\/11851\/revisions"}],"predecessor-version":[{"id":11904,"href":"https:\/\/renewablesassociation.ca\/fr\/wp-json\/wp\/v2\/posts\/11851\/revisions\/11904"}],"wp:featuredmedia":[{"embeddable":true,"href":"https:\/\/renewablesassociation.ca\/fr\/wp-json\/wp\/v2\/media\/11840"}],"wp:attachment":[{"href":"https:\/\/renewablesassociation.ca\/fr\/wp-json\/wp\/v2\/media?parent=11851"}],"wp:term":[{"taxonomy":"category","embeddable":true,"href":"https:\/\/renewablesassociation.ca\/fr\/wp-json\/wp\/v2\/categories?post=11851"},{"taxonomy":"post_tag","embeddable":true,"href":"https:\/\/renewablesassociation.ca\/fr\/wp-json\/wp\/v2\/tags?post=11851"}],"curies":[{"name":"wp","href":"https:\/\/api.w.org\/{rel}","templated":true}]}}